{"id":57098,"date":"2025-06-19T16:52:00","date_gmt":"2025-06-19T19:52:00","guid":{"rendered":"https:\/\/www.radiopresidenteibanez.cl\/web\/?p=57098"},"modified":"2025-06-19T09:59:22","modified_gmt":"2025-06-19T12:59:22","slug":"magallanes-con-reunion-zonal-de-diagnostico-integral-avanza-construccion-depolitica-para-facilitadores-interculturales-en-salud","status":"publish","type":"post","link":"https:\/\/www.radiopresidenteibanez.cl\/web\/magallanes-con-reunion-zonal-de-diagnostico-integral-avanza-construccion-depolitica-para-facilitadores-interculturales-en-salud\/","title":{"rendered":"MAGALLANES: CON REUNI\u00d3N ZONAL DE DIAGN\u00d3STICO INTEGRAL AVANZA CONSTRUCCI\u00d3N DEPOL\u00cdTICA PARA FACILITADORES INTERCULTURALES EN SALUD"},"content":{"rendered":"\n<p>Con el prop\u00f3sito de fortalecer la atenci\u00f3n con pertinencia cultural en salud, se llev\u00f3 a cabo la Reuni\u00f3n Zonal de Diagn\u00f3stico Integral para Facilitadores Interculturales. La jornada, organizada por la Seremi y el Servicio de Salud Magallanes, se enmarca en el proceso de implementaci\u00f3n del Modelo de Salud Intercultural establecido en el Decreto N\u00b021 del 29 de diciembre de 2023.<br>La instancia reuni\u00f3 a facilitadores interculturales, equipos de gesti\u00f3n intercultural y referentes t\u00e9cnicos del sector salud, con el objetivo de avanzar en la construcci\u00f3n de una pol\u00edtica institucional que defina los roles, funciones y lineamientos para estos actores clave en el acceso a la salud de los pueblos ind\u00edgenas.<br>Durante la jornada, se abordaron tem\u00e1ticas centrales como el diagn\u00f3stico situacional de los facilitadores a nivel regional, las necesidades territoriales y los desaf\u00edos actuales del sistema de salud en relaci\u00f3n con la interculturalidad.<br>La profesional del Departamento de Salud de Pueblos Ind\u00edgenas e Interculturalidad del Ministerio de Salud, Daniela Wolleter, explic\u00f3 que \u201cdesde la Subsecretar\u00eda de Salud P\u00fablica estamos impulsando una pol\u00edtica de facilitadores intercultural e ind\u00edgena para poder institucionalizar este cargo, darle m\u00e1s gobernanza, sostenibilidad en el tiempo y tambi\u00e9n poder financiar los cargos de los facilitadores interculturales. Entonces, vinimos a este encuentro zonal organizado tanto por la SEREMI como el Servicio de Salud de Magallanes, en conjunto con los facilitadores interculturales para poder levantar cu\u00e1les son las tem\u00e1ticas principales, los contenidos que pueden elevarse dentro de esta pol\u00edtica y tambi\u00e9n elegir a los representantes de los facilitadores interculturales que van a conformar la Comisi\u00f3n Nacional para la elaboraci\u00f3n de esta Pol\u00edtica\u201d.<br>Los facilitadores interculturales son personas pertenecientes a pueblos ind\u00edgenas que act\u00faan como<br>puente entre las comunidades y los equipos de salud, permitiendo una comunicaci\u00f3n efectiva y<br>respetuosa, adem\u00e1s de colaborar en la implementaci\u00f3n del modelo en sus componentes esenciales.<br>Paola Uribe G\u00f3mez, facilitadora intercultural del Hospital de Puerto Natales, se\u00f1al\u00f3 que la jornada fue una experiencia muy enriquecedora, ya que permiti\u00f3 reflexionar sobre el rol de las facilitadoras interculturales en la regi\u00f3n. \u201cEste fue nuestro primer encuentro con las colegas de los hospitales de Puerto Williams y Porvenir. Ha sido una instancia muy gratificante, especialmente para m\u00ed, que me estoy interiorizando reci\u00e9n en este trabajo con pueblos ind\u00edgenas. Hemos podido conocer las experiencias de las dem\u00e1s y eso es muy valioso para el trabajo que viene. Adem\u00e1s, surgieron varias ideas para desarrollar en conjunto a futuro. Es importante tambi\u00e9n que desde la zona central se conozca esta realidad, porque cada territorio tiene distintos pueblos, costumbres y formas de trabajo\u201d, destac\u00f3.<br>Lorena Andrade, trabajadora social y jefa del Departamento de Participaci\u00f3n Ciudadana y Trabajo Social del Hospital Cl\u00ednico de Magallanes, coment\u00f3 que \u201cesta es una jornada de trabajo donde estamos participando junto a una representante de la Subsecretar\u00eda de Salud P\u00fablica, colegas trabajadores sociales y facilitadores interculturales de toda la red hospitalaria, para conversar sobre la implementaci\u00f3n del nuevo modelo de salud intercultural\u201d.<br>Agreg\u00f3 que \u201cestamos compartiendo los avances de cada establecimiento, identificando nuestros nudos cr\u00edticos, lo que ha facilitado el proceso y c\u00f3mo podemos seguir avanzando, considerando que cada territorio atiende a poblaciones distintas, con realidades diferentes, entonces ah\u00ed tambi\u00e9n radican las complejidades de instalar a este nuevo facilitador en cada establecimiento. Por eso es importante aprovechar lo que ya se ha desarrollado en algunos hospitales y trasladar esas experiencias a Natales y Punta Arenas. A su vez, quienes vienen desde la zona central tambi\u00e9n se llevan ideas valiosas de lo que se hace en la regi\u00f3n\u201d.<br>La Seremi de Salud, Francisca Sanfuentes, indic\u00f3 que \u201cvaloramos el trabajo que realizan las y los<br>facilitadores interculturales en nuestra regi\u00f3n, porque su labor es clave para avanzar hacia una atenci\u00f3n en salud m\u00e1s equitativa y con pertinencia cultural. Esta jornada zonal nos permiti\u00f3 dialogar, compartir experiencias y recoger valiosos aportes para la construcci\u00f3n de una pol\u00edtica nacional que fortalezca su rol\u201d.<br>Esta actividad da continuidad a las acciones nacionales impulsadas por el Ministerio de Salud para<br>garantizar el respeto de los derechos de los pueblos ind\u00edgenas en el acceso a la salud p\u00fablica,<br>promoviendo la participaci\u00f3n efectiva y el reconocimiento de su identidad cultural.<\/p>\n","protected":false},"excerpt":{"rendered":"<p>Con el prop\u00f3sito de fortalecer la atenci\u00f3n con pertinencia cultural en salud, se llev\u00f3 a cabo la Reuni\u00f3n Zonal de Diagn\u00f3stico Integral para Facilitadores Interculturales. La jornada, organizada por la&#8230; <a class=\"read-more\" href=\"https:\/\/www.radiopresidenteibanez.cl\/web\/magallanes-con-reunion-zonal-de-diagnostico-integral-avanza-construccion-depolitica-para-facilitadores-interculturales-en-salud\/\">Leer m\u00e1s<\/a><\/p>\n","protected":false},"author":2,"featured_media":57099,"comment_status":"closed","ping_status":"closed","sticky":false,"template":"","format":"standard","meta":{"footnotes":""},"categories":[1],"tags":[],"class_list":["post-57098","post","type-post","status-publish","format-standard","has-post-thumbnail","hentry","category-cronica"],"_links":{"self":[{"href":"https:\/\/www.radiopresidenteibanez.cl\/web\/wp-json\/wp\/v2\/posts\/57098","targetHints":{"allow":["GET"]}}],"collection":[{"href":"https:\/\/www.radiopresidenteibanez.cl\/web\/wp-json\/wp\/v2\/posts"}],"about":[{"href":"https:\/\/www.radiopresidenteibanez.cl\/web\/wp-json\/wp\/v2\/types\/post"}],"author":[{"embeddable":true,"href":"https:\/\/www.radiopresidenteibanez.cl\/web\/wp-json\/wp\/v2\/users\/2"}],"replies":[{"embeddable":true,"href":"https:\/\/www.radiopresidenteibanez.cl\/web\/wp-json\/wp\/v2\/comments?post=57098"}],"version-history":[{"count":0,"href":"https:\/\/www.radiopresidenteibanez.cl\/web\/wp-json\/wp\/v2\/posts\/57098\/revisions"}],"wp:featuredmedia":[{"embeddable":true,"href":"https:\/\/www.radiopresidenteibanez.cl\/web\/wp-json\/wp\/v2\/media\/57099"}],"wp:attachment":[{"href":"https:\/\/www.radiopresidenteibanez.cl\/web\/wp-json\/wp\/v2\/media?parent=57098"}],"wp:term":[{"taxonomy":"category","embeddable":true,"href":"https:\/\/www.radiopresidenteibanez.cl\/web\/wp-json\/wp\/v2\/categories?post=57098"},{"taxonomy":"post_tag","embeddable":true,"href":"https:\/\/www.radiopresidenteibanez.cl\/web\/wp-json\/wp\/v2\/tags?post=57098"}],"curies":[{"name":"wp","href":"https:\/\/api.w.org\/{rel}","templated":true}]}}