{"id":57093,"date":"2025-06-19T14:58:00","date_gmt":"2025-06-19T17:58:00","guid":{"rendered":"https:\/\/www.radiopresidenteibanez.cl\/web\/?p=57093"},"modified":"2025-06-19T09:34:21","modified_gmt":"2025-06-19T12:34:21","slug":"mi-abogado-aporta-nueva-mirada-a-derechos-de-nna-a-traves-del-rol-de-curadores-ad-litem","status":"publish","type":"post","link":"https:\/\/www.radiopresidenteibanez.cl\/web\/mi-abogado-aporta-nueva-mirada-a-derechos-de-nna-a-traves-del-rol-de-curadores-ad-litem\/","title":{"rendered":"MI ABOGADO APORTA NUEVA MIRADA A DERECHOS DE NNA A TRAV\u00c9S DEL ROL DE CURADORES AD LITEM"},"content":{"rendered":"\n<p>Con su instalaci\u00f3n en Magallanes, el Programa Mi Abogado (PMA) -dependiente de la Corporaci\u00f3n de Asistencia Judicial (CAJ)- vino a cubrir vac\u00edos hist\u00f3ricos a nivel de justicia en el \u00e1mbito de infancia regional. Desde 2019, a trav\u00e9s de la figura del abogado(a) curador(a) ad litem, otorgan garant\u00eda de representaci\u00f3n jur\u00eddica especializada para todos los ni\u00f1os, ni\u00f1as y adolescentes (NNA), bajo cuidado alternativo.<\/p>\n\n\n\n<p>La Seremi de Justicia y Derechos Humanos, Michelle Peutat Alvarado, destaca el rol fundamental<br>que desempe\u00f1a la o el curador ad litem, se\u00f1alando: \u201cEl curador cumple la importante funci\u00f3n de<br>representar y defender los intereses de ni\u00f1os, ni\u00f1as y adolescentes en procesos judiciales. Esto<br>resulta especialmente relevante cuando dichos intereses pueden ser contrarios o estar en tensi\u00f3n<br>con los de quienes ejercen su cuidado, ya sean padres, madres, abuelos u otros adultos<br>responsables\u201d.<\/p>\n\n\n\n<p>Por otro lado, destaca la defensa efectiva e integral de los intereses de NNA en Magallanes, a la luz<br>de los logros del Programa como condenas penales emblem\u00e1ticas, restituci\u00f3n familiar efectiva e<br>impulso a pol\u00edticas p\u00fablicas y gesti\u00f3n comunitaria. Al respecto, sobresale el levantamiento y<br>visibilizaci\u00f3n de brechas del sistema, expansi\u00f3n de la oferta especializada e instalaci\u00f3n de la<br>infancia como eje de desarrollo territorial.<\/p>\n\n\n\n<p>Danilo Troncoso Jara, Abogado Coordinador del PMA, destaca que pese a tratarse de una figura<br>invisibilizada durante a\u00f1os, como programa han logrado profesionalizar y visibilizar el rol de la o el<br>curador ad litem, que representa de forma exclusiva e independiente a NNA en Magallanes, con el<br>mandato claro de defender el Inter\u00e9s Superior del Ni\u00f1o (ISN). Este modelo contempla una<br>representaci\u00f3n y defensa jur\u00eddica interdisciplinaria, por medio de una triada (abogado, psic\u00f3logo,<br>trabajador\/a social), con enfoque psicosocial y procedimental, basado en derechos, promoviendo<br>activamente la voz de los NNA en todas las materias que se requieran. Aquello lo grafica al se\u00f1alar<br>que la curadur\u00eda ad litem atiende distintos \u00e1mbitos en los diversos tribunales, representando a los<\/p>\n\n\n\n<p>NNA en materias de familia como en adopciones y en materias penales como explotaci\u00f3n sexual,<br>abuso sexual, maltrato, entre otras.<\/p>\n\n\n\n<p>Se\u00f1ala que como equipo, tampoco han estado ajenos a presiones externas, principalmente de<br>familiares en procesos judiciales. No obstante, mantienen una pol\u00edtica de discreci\u00f3n total, sin<br>compartir detalles de los casos y por sobre cualquier exposici\u00f3n medi\u00e1tica, protegiendo as\u00ed la<br>dignidad de los NNA y evitando su revictimizaci\u00f3n. \u201cEl PMA debe manejar estas situaciones con<br>prudencia, recordando a la comunidad que, pese a estas presiones, los tribunales est\u00e1n obligados a velar por el Inter\u00e9s Superior del Ni\u00f1o sobre cualquier inter\u00e9s particular\u201d, recalca.<\/p>\n\n\n\n<p>Y, si se trata de llenar vac\u00edos hist\u00f3ricos, el profesional resalta sus roles de gesti\u00f3n intersectorial<br>estrat\u00e9gica, colaborando con actores clave -Servicio de Protecci\u00f3n Especializada, tribunales, salud,<br>educaci\u00f3n, servicios sociales y comunidad local- para activar respuestas integrales en la protecci\u00f3n<br>a la infancia. As\u00ed tambi\u00e9n, la adopci\u00f3n de est\u00e1ndares internacionales vinculantes y protocolos<br>fundados en la Ley 21.430 (sobre Garant\u00edas y Protecci\u00f3n de Derechos de la Ni\u00f1ez y Adolescencia),<br>la Convenci\u00f3n sobre los Derechos del Ni\u00f1o, Observaciones Generales y otros instrumentos del<br>Comit\u00e9 de Derechos del Ni\u00f1o, permiten asegurar calidad y coherencia en la defensa. A ello se<br>suman herramientas e indicadores de gesti\u00f3n que permiten monitorear la calidad, equidad y<br>resultados t\u00e9cnicos entre los casos atendidos.<\/p>\n\n\n\n<p>Todo ello lo avala la capacitaci\u00f3n e idoneidad profesional de todos los profesionales que all\u00ed<br>trabajan, a partir de una rigurosa selecci\u00f3n p\u00fablica -con conocimientos t\u00e9cnicos, experiencia con<br>NNA y habilidades comunicacionales-, formaci\u00f3n anual continua, trabajo interdisciplinario y<br>capacidades complementarias para abordar integralmente cada causa.<\/p>\n\n\n\n<p>A su vez, el Director Regional de la CAJ, Alejandro Donatti Ot\u00e1rola, resume el trabajo del PMA ante<br>todo, como una respuesta concreta a necesidades reales de NNA que enfrentan situaciones de alta<br>vulnerabilidad: \u201cA trav\u00e9s de un equipo t\u00e9cnico especializado, se ha logrado instalar un modelo de<br>representaci\u00f3n y defensa jur\u00eddica interdisciplinaria que, no solo protege derechos en el papel, sino<br>que incide directamente en decisiones judiciales, en condenas relevantes y en procesos efectivos de restituci\u00f3n familiar\u201d.<\/p>\n\n\n\n<p>Pese a existir a\u00fan desaf\u00edos pendientes, Danilo Troncoso subraya que el valor del programa no est\u00e1<br>en grandes gestos ni en discursos, sino en su capacidad de resolver problemas estructurales con<br>herramientas jur\u00eddicas, trabajo coordinado e intervenci\u00f3n profesional, respetando siempre la voz y<br>dignidad de cada NNA representado. El desaf\u00edo est\u00e1 en \u201cseguir fortaleciendo el sistema de<br>garant\u00edas, ampliar la responsabilidad m\u00e1s all\u00e1 del Estado, e involucrar a las comunidades en una<br>cultura de corresponsabilidad. La infancia no puede seguir siendo un asunto delegado \u00fanicamente<br>a los tribunales o a los programas especializados\u201d.<\/p>\n\n\n\n<p>Actualmente, el Programa Mi Abogado cuenta con un equipo de 12 profesionales en la regi\u00f3n,<br>quienes asumen la representaci\u00f3n jur\u00eddica especializada e interdisciplinaria de 391 ni\u00f1os, ni\u00f1as y<br>adolescentes, con m\u00e1s de 1.000 causas vigentes. Su labor no solo asegura una defensa efectiva,<br>sino que tambi\u00e9n contribuye a generar entornos reales de protecci\u00f3n, restituci\u00f3n y garant\u00eda plena<br>de derechos para las infancias y juventudes de nuestra regi\u00f3n.<\/p>\n\n\n\n<p><\/p>\n","protected":false},"excerpt":{"rendered":"<p>Con su instalaci\u00f3n en Magallanes, el Programa Mi Abogado (PMA) -dependiente de la Corporaci\u00f3n de Asistencia Judicial (CAJ)- vino a cubrir vac\u00edos hist\u00f3ricos a nivel de justicia en el \u00e1mbito&#8230; <a class=\"read-more\" href=\"https:\/\/www.radiopresidenteibanez.cl\/web\/mi-abogado-aporta-nueva-mirada-a-derechos-de-nna-a-traves-del-rol-de-curadores-ad-litem\/\">Leer m\u00e1s<\/a><\/p>\n","protected":false},"author":2,"featured_media":57094,"comment_status":"closed","ping_status":"closed","sticky":false,"template":"","format":"standard","meta":{"footnotes":""},"categories":[1],"tags":[],"class_list":["post-57093","post","type-post","status-publish","format-standard","has-post-thumbnail","hentry","category-cronica"],"_links":{"self":[{"href":"https:\/\/www.radiopresidenteibanez.cl\/web\/wp-json\/wp\/v2\/posts\/57093","targetHints":{"allow":["GET"]}}],"collection":[{"href":"https:\/\/www.radiopresidenteibanez.cl\/web\/wp-json\/wp\/v2\/posts"}],"about":[{"href":"https:\/\/www.radiopresidenteibanez.cl\/web\/wp-json\/wp\/v2\/types\/post"}],"author":[{"embeddable":true,"href":"https:\/\/www.radiopresidenteibanez.cl\/web\/wp-json\/wp\/v2\/users\/2"}],"replies":[{"embeddable":true,"href":"https:\/\/www.radiopresidenteibanez.cl\/web\/wp-json\/wp\/v2\/comments?post=57093"}],"version-history":[{"count":0,"href":"https:\/\/www.radiopresidenteibanez.cl\/web\/wp-json\/wp\/v2\/posts\/57093\/revisions"}],"wp:featuredmedia":[{"embeddable":true,"href":"https:\/\/www.radiopresidenteibanez.cl\/web\/wp-json\/wp\/v2\/media\/57094"}],"wp:attachment":[{"href":"https:\/\/www.radiopresidenteibanez.cl\/web\/wp-json\/wp\/v2\/media?parent=57093"}],"wp:term":[{"taxonomy":"category","embeddable":true,"href":"https:\/\/www.radiopresidenteibanez.cl\/web\/wp-json\/wp\/v2\/categories?post=57093"},{"taxonomy":"post_tag","embeddable":true,"href":"https:\/\/www.radiopresidenteibanez.cl\/web\/wp-json\/wp\/v2\/tags?post=57093"}],"curies":[{"name":"wp","href":"https:\/\/api.w.org\/{rel}","templated":true}]}}