{"id":57090,"date":"2025-06-19T13:19:00","date_gmt":"2025-06-19T16:19:00","guid":{"rendered":"https:\/\/www.radiopresidenteibanez.cl\/web\/?p=57090"},"modified":"2025-06-19T08:56:49","modified_gmt":"2025-06-19T11:56:49","slug":"indap-y-prodemu-fortalecen-el-liderazgo-femenino-en-el-mundo-rural","status":"publish","type":"post","link":"https:\/\/www.radiopresidenteibanez.cl\/web\/indap-y-prodemu-fortalecen-el-liderazgo-femenino-en-el-mundo-rural\/","title":{"rendered":"INDAP y PRODEMU fortalecen el liderazgo femenino en el mundo rural"},"content":{"rendered":"\n<p>En Punta Arenas, agricultoras y dirigentas campesinas se reunieron en una jornada formativa organizada por la Mesa de la Mujer Rural de INDAP y la Fundaci\u00f3n PRODEMU. La actividad reafirm\u00f3 el compromiso institucional por avanzar hacia la equidad de g\u00e9nero y un desarrollo territorial sostenible con liderazgo femenino.<\/p>\n\n\n\n<p>Las participantes, todas usuarias de INDAP, valoraron la posibilidad de salir del aislamiento que impone la rutina agr\u00edcola y fortalecer su rol como lideresas activas en sus comunidades. \u201cEstos talleres nos abren los ojos: podemos ser mucho m\u00e1s que trabajadoras, podemos ser lideresas\u201d, expres\u00f3 Sandra Na\u00edn, agricultora de la regi\u00f3n.<\/p>\n\n\n\n<p>La jornada abord\u00f3 dos ejes claves para el mundo rural actual: liderazgo con perspectiva de g\u00e9nero y sustentabilidad ambiental. Mientras el taller de liderazgo fortaleci\u00f3 la autoconfianza y la participaci\u00f3n en espacios de decisi\u00f3n, el m\u00f3dulo de medio ambiente abord\u00f3 los desaf\u00edos ecol\u00f3gicos desde una mirada ecofeminista, reconociendo el v\u00ednculo entre las mujeres rurales y el cuidado de sus territorios.<\/p>\n\n\n\n<p>\u201cLa mujer rural ha avanzado enormemente en lo t\u00e9cnico-productivo, pero a\u00fan necesita apoyo para fortalecer su autoestima, sus redes y su capacidad de incidencia. Nuestro objetivo es que lideren procesos transformadores desde una mirada informada y consciente\u201d, se\u00f1al\u00f3 Ingrid \u00c1lvarez, directora regional de PRODEMU.<\/p>\n\n\n\n<p>Desde INDAP, el director regional Gabriel Zegers destac\u00f3 que este trabajo responde a una l\u00ednea estrat\u00e9gica del Gobierno. \u201cEl Presidente Boric nos ha instruido a avanzar sin descanso hacia un pa\u00eds donde las mujeres rurales ocupen el lugar que merecen. Hoy, m\u00e1s del 54% de nuestras usuarias son mujeres. Muchas lideran organizaciones, impulsan ferias, promueven la agroecolog\u00eda y sostienen la materia y estructura de la ruralidad\u201d, afirm\u00f3.<\/p>\n\n\n\n<p>Zegers tambi\u00e9n valor\u00f3 el rol sostenido de la Mesa de la Mujer Rural como espacio de articulaci\u00f3n, participaci\u00f3n y transformaci\u00f3n. \u201cEsta Mesa ha sido fundamental para canalizar demandas hist\u00f3ricas, construir propuestas colectivas y visibilizar el aporte de las mujeres en cada rinc\u00f3n del mundo rural. No es solo un espacio de encuentro, es una plataforma de liderazgo desde las bases\u201d, dijo.<\/p>\n\n\n\n<p>Uno de los aspectos m\u00e1s destacados por las asistentes fue la metodolog\u00eda participativa de los talleres. \u201cNo vinimos a escuchar teor\u00eda, recibimos herramientas reales para nuestro d\u00eda a d\u00eda. Y compartir con otras mujeres fue enriquecedor\u201d, se\u00f1al\u00f3 la agricultora y presidenta del Consejo Asesor Regional Campesino (CAR) Patricia Delgado.<\/p>\n\n\n\n<p>La mirada ecofeminista tambi\u00e9n tuvo un lugar protag\u00f3nico. \u201cCuando hablamos de sequ\u00eda o contaminaci\u00f3n, no son conceptos abstractos para nosotras\u201d, a\u00f1adi\u00f3 Sandra Na\u00edn. \u201cSon realidades diarias al cuidar cultivos o animales. Por eso necesitamos redes que protejan nuestros recursos\u201d.<\/p>\n\n\n\n<p>La seremi de Agricultura, Irene Ram\u00edrez, valor\u00f3 especialmente esta articulaci\u00f3n. \u201cLa Mesa de la Mujer Rural es clave para avanzar en justicia territorial y en una agricultura sostenible con rostro humano. Desde estos espacios surgen propuestas con sentido, nacidas desde los territorios y lideradas por mujeres que hoy son protagonistas del desarrollo rural. Ellas no solo alimentan nuestras mesas, tambi\u00e9n cuidan los ecosistemas, transmiten saberes y enfrentan con fuerza los desaf\u00edos del cambio clim\u00e1tico. Son actoras esenciales para el futuro de nuestra regi\u00f3n\u201d, concluy\u00f3.<\/p>\n\n\n\n<p>La iniciativa se enmarca en un trabajo conjunto de largo plazo que se formalizar\u00e1 mediante un convenio entre INDAP y PRODEMU, lo que permitir\u00e1 ampliar el alcance de estas capacitaciones e incorporar nuevas tem\u00e1ticas como salud, bienestar y calidad de vida con enfoque de g\u00e9nero.<\/p>\n","protected":false},"excerpt":{"rendered":"<p>En Punta Arenas, agricultoras y dirigentas campesinas se reunieron en una jornada formativa organizada por la Mesa de la Mujer Rural de INDAP y la Fundaci\u00f3n PRODEMU. La actividad reafirm\u00f3&#8230; <a class=\"read-more\" href=\"https:\/\/www.radiopresidenteibanez.cl\/web\/indap-y-prodemu-fortalecen-el-liderazgo-femenino-en-el-mundo-rural\/\">Leer m\u00e1s<\/a><\/p>\n","protected":false},"author":2,"featured_media":57091,"comment_status":"closed","ping_status":"closed","sticky":false,"template":"","format":"standard","meta":{"footnotes":""},"categories":[1],"tags":[],"class_list":["post-57090","post","type-post","status-publish","format-standard","has-post-thumbnail","hentry","category-cronica"],"_links":{"self":[{"href":"https:\/\/www.radiopresidenteibanez.cl\/web\/wp-json\/wp\/v2\/posts\/57090","targetHints":{"allow":["GET"]}}],"collection":[{"href":"https:\/\/www.radiopresidenteibanez.cl\/web\/wp-json\/wp\/v2\/posts"}],"about":[{"href":"https:\/\/www.radiopresidenteibanez.cl\/web\/wp-json\/wp\/v2\/types\/post"}],"author":[{"embeddable":true,"href":"https:\/\/www.radiopresidenteibanez.cl\/web\/wp-json\/wp\/v2\/users\/2"}],"replies":[{"embeddable":true,"href":"https:\/\/www.radiopresidenteibanez.cl\/web\/wp-json\/wp\/v2\/comments?post=57090"}],"version-history":[{"count":0,"href":"https:\/\/www.radiopresidenteibanez.cl\/web\/wp-json\/wp\/v2\/posts\/57090\/revisions"}],"wp:featuredmedia":[{"embeddable":true,"href":"https:\/\/www.radiopresidenteibanez.cl\/web\/wp-json\/wp\/v2\/media\/57091"}],"wp:attachment":[{"href":"https:\/\/www.radiopresidenteibanez.cl\/web\/wp-json\/wp\/v2\/media?parent=57090"}],"wp:term":[{"taxonomy":"category","embeddable":true,"href":"https:\/\/www.radiopresidenteibanez.cl\/web\/wp-json\/wp\/v2\/categories?post=57090"},{"taxonomy":"post_tag","embeddable":true,"href":"https:\/\/www.radiopresidenteibanez.cl\/web\/wp-json\/wp\/v2\/tags?post=57090"}],"curies":[{"name":"wp","href":"https:\/\/api.w.org\/{rel}","templated":true}]}}