{"id":5709,"date":"2019-07-12T17:08:24","date_gmt":"2019-07-12T17:08:24","guid":{"rendered":"http:\/\/www.radiopresidenteibanez.cl\/web\/?p=5709"},"modified":"2019-07-12T17:09:09","modified_gmt":"2019-07-12T17:09:09","slug":"pdi-recupero-especies-robadas-desde-una-vivienda-en-la-poblacion-carlos-ibanez","status":"publish","type":"post","link":"https:\/\/www.radiopresidenteibanez.cl\/web\/pdi-recupero-especies-robadas-desde-una-vivienda-en-la-poblacion-carlos-ibanez\/","title":{"rendered":"PDI RECUPER\u00d3 ESPECIES ROBADAS DESDE UNA VIVIENDA EN LA POBLACI\u00d3N CARLOS IB\u00c1\u00d1EZ"},"content":{"rendered":"\n<p>Tras una\ninvestigaci\u00f3n realizada por la Brigada de Investigaci\u00f3n Criminal (Bicrim) Punta\nArenas, en coordinaci\u00f3n con la Fiscal\u00eda, detectives lograron recuperar la tarde\nde este jueves especies avaluadas en un mill\u00f3n y medio de pesos, que hab\u00edan\nsido robadas el domingo 7 de julio desde una vivienda en la poblaci\u00f3n Carlos\nIb\u00e1\u00f1ez, adem\u00e1s detuvieron a dos sujetos, uno de 18 a\u00f1os por el delito de robo\nen lugar habitado y otro de 31 a\u00f1os por el delito de receptaci\u00f3n.<\/p>\n\n\n\n<p>El jefe de la\nBicrim Punta Arenas, subprefecto Jaime Rossel, se\u00f1al\u00f3 que \u201cel denunciante\naport\u00f3 antecedentes que llevaron a los investigadores a dar con el paradero de\nla persona que hab\u00eda adquirido estas especies, un comerciante que trabajaba en\nel centro de esta ciudad arreglando diversos equipos tecnol\u00f3gicos. En ese lugar\nse recuperaron los dos notebooks, un tel\u00e9fono celular y un taladro el\u00e9ctrico\u201d. <\/p>\n\n\n\n<p>Posteriormente,\nlos detectives detuvieron a un hombre de 18 a\u00f1os por el delito de robo en lugar\nhabitado. \u201cTras diversas diligencias se logra individualizar y ubicar al sujeto\nque hab\u00eda ingresado al domicilio a robar. Este confiesa su autor\u00eda en el delito\ninvestigado\u201d, indic\u00f3 el subprefecto Jaime Rossel. <\/p>\n\n\n\n<p>Este viernes los\ndos hombres fueron puestos a disposici\u00f3n del Juzgado de Garant\u00eda de Punta\nArenas para la respectiva audiencia de control de detenci\u00f3n. <\/p>\n","protected":false},"excerpt":{"rendered":"<p>Tras una investigaci\u00f3n realizada por la Brigada de Investigaci\u00f3n Criminal (Bicrim) Punta Arenas, en coordinaci\u00f3n con la Fiscal\u00eda, detectives lograron recuperar la tarde de este jueves especies avaluadas en un&#8230; <a class=\"read-more\" href=\"https:\/\/www.radiopresidenteibanez.cl\/web\/pdi-recupero-especies-robadas-desde-una-vivienda-en-la-poblacion-carlos-ibanez\/\">Leer m\u00e1s<\/a><\/p>\n","protected":false},"author":2,"featured_media":5710,"comment_status":"closed","ping_status":"closed","sticky":false,"template":"","format":"standard","meta":{"footnotes":""},"categories":[6],"tags":[],"class_list":["post-5709","post","type-post","status-publish","format-standard","has-post-thumbnail","hentry","category-policial"],"_links":{"self":[{"href":"https:\/\/www.radiopresidenteibanez.cl\/web\/wp-json\/wp\/v2\/posts\/5709","targetHints":{"allow":["GET"]}}],"collection":[{"href":"https:\/\/www.radiopresidenteibanez.cl\/web\/wp-json\/wp\/v2\/posts"}],"about":[{"href":"https:\/\/www.radiopresidenteibanez.cl\/web\/wp-json\/wp\/v2\/types\/post"}],"author":[{"embeddable":true,"href":"https:\/\/www.radiopresidenteibanez.cl\/web\/wp-json\/wp\/v2\/users\/2"}],"replies":[{"embeddable":true,"href":"https:\/\/www.radiopresidenteibanez.cl\/web\/wp-json\/wp\/v2\/comments?post=5709"}],"version-history":[{"count":0,"href":"https:\/\/www.radiopresidenteibanez.cl\/web\/wp-json\/wp\/v2\/posts\/5709\/revisions"}],"wp:featuredmedia":[{"embeddable":true,"href":"https:\/\/www.radiopresidenteibanez.cl\/web\/wp-json\/wp\/v2\/media\/5710"}],"wp:attachment":[{"href":"https:\/\/www.radiopresidenteibanez.cl\/web\/wp-json\/wp\/v2\/media?parent=5709"}],"wp:term":[{"taxonomy":"category","embeddable":true,"href":"https:\/\/www.radiopresidenteibanez.cl\/web\/wp-json\/wp\/v2\/categories?post=5709"},{"taxonomy":"post_tag","embeddable":true,"href":"https:\/\/www.radiopresidenteibanez.cl\/web\/wp-json\/wp\/v2\/tags?post=5709"}],"curies":[{"name":"wp","href":"https:\/\/api.w.org\/{rel}","templated":true}]}}