{"id":57087,"date":"2025-06-19T11:57:00","date_gmt":"2025-06-19T14:57:00","guid":{"rendered":"https:\/\/www.radiopresidenteibanez.cl\/web\/?p=57087"},"modified":"2025-06-19T08:51:26","modified_gmt":"2025-06-19T11:51:26","slug":"docentes-del-slep-magallanes-cumplen-extensas-jornadas-de-trabajo-en-francia","status":"publish","type":"post","link":"https:\/\/www.radiopresidenteibanez.cl\/web\/docentes-del-slep-magallanes-cumplen-extensas-jornadas-de-trabajo-en-francia\/","title":{"rendered":"Docentes del SLEP Magallanes cumplen extensas jornadas de trabajo en Francia"},"content":{"rendered":"\n<p>La delegaci\u00f3n de profesores de la educaci\u00f3n t\u00e9cnico profesional del SLEP<br>Magallanes lleg\u00f3 el lunes a Francia y ya est\u00e1n en pleno desarrollo de las<br>pasant\u00edas en instituciones de educaci\u00f3n t\u00e9cnica superior para conocer<br>experiencias formativas orientadas a las nuevas energ\u00edas e hidr\u00f3geno verde.<br>Una vez en el pa\u00eds galo, los docentes se separaron en dos grupos para visitar<br>sendos centros educativos: Ricardo Mu\u00f1oz y Hern\u00e1n Mu\u00f1oz del Liceo Industrial<br>Armando Quezada Achar\u00e1n junto a Francisco Mancilla Aguilar del Liceo<br>Polit\u00e9cnico Cardenal Ra\u00fal Silva Henr\u00edquez se dirigieron a Clermont Ferrand,<br>ubicada en el centro de Francia, donde visitan el Instituto Universitario de<br>Tecnolog\u00eda de esa ciudad.<br>En tanto, a Orleans viajaron los profesores Gustavo Carmona del Liceo<br>Polit\u00e9cnico; Francisco Mancilla Godoy, del Liceo Industrial; y la subdirectora de<br>Apoyo T\u00e9cnico Pedag\u00f3gico del SLEP Magallanes, Elizabeth Ar\u00e1nguiz.<br>En ambas ciudades los profesores han asistido a talleres y trabajado en los<br>laboratorios de las instituciones que los acogen, junto a docentes franceses.<br>Elizabeth Ar\u00e1nguiz resumi\u00f3 sus primeras jornadas de trabado contando que<br>\u201cvimos el taller de mec\u00e1nica automotriz y tambi\u00e9n el de transici\u00f3n energ\u00e9tica.<br>Luego tuvimos una reuni\u00f3n para ver con el equipo chileno y franc\u00e9s la<br>presentaci\u00f3n del programa, las instrucciones de seguridad y la log\u00edstica en<br>general\u201d.<br>Su grupo, que visita el Departamento de Tecnolog\u00edas Energ\u00e9ticas y<br>Aeroespaciales del Polytech de Orleans, tuvo un trabajo pr\u00e1ctico sobre energ\u00eda del<br>hidr\u00f3geno y conoci\u00f3 el laboratorio de energ\u00eda y el de combusti\u00f3n y motores. Este<br>mi\u00e9rcoles, adem\u00e1s, visitaron un liceo t\u00e9cnico profesional en la ciudad.<br>La pasant\u00eda se extender\u00e1 hasta el viernes, mientras que el regreso de los<br>profesores a Magallanes se espera para el fin de semana.<\/p>\n","protected":false},"excerpt":{"rendered":"<p>La delegaci\u00f3n de profesores de la educaci\u00f3n t\u00e9cnico profesional del SLEPMagallanes lleg\u00f3 el lunes a Francia y ya est\u00e1n en pleno desarrollo de laspasant\u00edas en instituciones de educaci\u00f3n t\u00e9cnica superior&#8230; <a class=\"read-more\" href=\"https:\/\/www.radiopresidenteibanez.cl\/web\/docentes-del-slep-magallanes-cumplen-extensas-jornadas-de-trabajo-en-francia\/\">Leer m\u00e1s<\/a><\/p>\n","protected":false},"author":2,"featured_media":57088,"comment_status":"closed","ping_status":"closed","sticky":false,"template":"","format":"standard","meta":{"footnotes":""},"categories":[1],"tags":[],"class_list":["post-57087","post","type-post","status-publish","format-standard","has-post-thumbnail","hentry","category-cronica"],"_links":{"self":[{"href":"https:\/\/www.radiopresidenteibanez.cl\/web\/wp-json\/wp\/v2\/posts\/57087","targetHints":{"allow":["GET"]}}],"collection":[{"href":"https:\/\/www.radiopresidenteibanez.cl\/web\/wp-json\/wp\/v2\/posts"}],"about":[{"href":"https:\/\/www.radiopresidenteibanez.cl\/web\/wp-json\/wp\/v2\/types\/post"}],"author":[{"embeddable":true,"href":"https:\/\/www.radiopresidenteibanez.cl\/web\/wp-json\/wp\/v2\/users\/2"}],"replies":[{"embeddable":true,"href":"https:\/\/www.radiopresidenteibanez.cl\/web\/wp-json\/wp\/v2\/comments?post=57087"}],"version-history":[{"count":0,"href":"https:\/\/www.radiopresidenteibanez.cl\/web\/wp-json\/wp\/v2\/posts\/57087\/revisions"}],"wp:featuredmedia":[{"embeddable":true,"href":"https:\/\/www.radiopresidenteibanez.cl\/web\/wp-json\/wp\/v2\/media\/57088"}],"wp:attachment":[{"href":"https:\/\/www.radiopresidenteibanez.cl\/web\/wp-json\/wp\/v2\/media?parent=57087"}],"wp:term":[{"taxonomy":"category","embeddable":true,"href":"https:\/\/www.radiopresidenteibanez.cl\/web\/wp-json\/wp\/v2\/categories?post=57087"},{"taxonomy":"post_tag","embeddable":true,"href":"https:\/\/www.radiopresidenteibanez.cl\/web\/wp-json\/wp\/v2\/tags?post=57087"}],"curies":[{"name":"wp","href":"https:\/\/api.w.org\/{rel}","templated":true}]}}