{"id":57084,"date":"2025-06-19T10:49:00","date_gmt":"2025-06-19T13:49:00","guid":{"rendered":"https:\/\/www.radiopresidenteibanez.cl\/web\/?p=57084"},"modified":"2025-06-19T08:39:53","modified_gmt":"2025-06-19T11:39:53","slug":"tia-rica-anuncia-su-proximo-remate-virtual-de-alhajas-y-objetos-varios","status":"publish","type":"post","link":"https:\/\/www.radiopresidenteibanez.cl\/web\/tia-rica-anuncia-su-proximo-remate-virtual-de-alhajas-y-objetos-varios\/","title":{"rendered":"\u201cT\u00eda Rica\u201d anuncia su pr\u00f3ximo remate virtual de alhajas y objetos varios"},"content":{"rendered":"\n<p>Un nuevo remate de joyas y objetos varios est\u00e1 anunciando la Direcci\u00f3n General del Cr\u00e9dito Prendario (Dicrep) Magallanes -m\u00e1s conocida como la \u201cT\u00eda Rica\u201d- servicio dependiente del Ministerio del Trabajo y Previsi\u00f3n Social, encargado de otorgar cr\u00e9ditos sociales a trav\u00e9s del pr\u00e9stamo por alhajas o art\u00edculos dejados en prenda.<br>Esta antigua instituci\u00f3n del Estado, con 105 a\u00f1os de servicio a nivel pa\u00eds, se encuentra realizando<br>su sexto remate anual de alhajas y objetos varios. En esta ocasi\u00f3n, ser\u00e1n 243 lotes los que ir\u00e1n a<br>subasta correspondientes a las p\u00f3lizas vencidas en mayo del a\u00f1o 2024.<br>Seg\u00fan explic\u00f3 la Seremi del Trabajo, Jessica Bengoa Mayorga, \u201cefectivamente, junto a nuestra<br>Direcci\u00f3n del Cr\u00e9dito Prendario -Dicrep- que este a\u00f1o cumpli\u00f3 nada menos que 105 a\u00f1os, estamos<br>anunciando un nuevo remate de joyas y objetos, fijado para el pr\u00f3ximo martes 24 de junio, a<br>partir de las 15:30 horas. Algo muy relevante de mencionar para todas las y los interesados es que<br>la inscripci\u00f3n vence impostergablemente ma\u00f1ana jueves 19 de junio, a las 14:00 horas. Por lo que<br>hacemos el llamado a que ingresen al sitio web de la \u201cT\u00eda Rica\u201d, www.dicrep.cl y realicen su<br>ingreso para no quedar fuera de esta subasta que, como en oportunidades anteriores, es de<br>car\u00e1cter virtual\u201d.<br>La exhibici\u00f3n presencial de las joyas y objetos ser\u00e1 el lunes 23 de junio, entre las 9:00 y las 13:00<br>horas, en dependencias de la Dicrep, ubicada en calle Lautaro Navarro N\u00b01024, Punta Arenas. En<br>tanto, la exhibici\u00f3n online ya est\u00e1 disponible en la p\u00e1gina del servicio desde este martes 17 de<br>junio.<br>En palabras del administrador regional (s) de la Dicrep Magallanes, H\u00e9ctor Toledo Leal, \u201ctal como<br>indica nuestra Seremi, el plazo para la inscripci\u00f3n vence s\u00ed o s\u00ed este jueves 19 de junio y, como en<br>otras oportunidades, las personas interesadas en acceder a este nuevo remate, deben ingresar al<br>banner de Remate Online de nuestro sitio web y acceder con su Clave \u00danica al bot\u00f3n \u201cRegistrar\u201d,<br>completar el formulario con todos los datos que se solicitan y, lo m\u00e1s importante, dejar la garant\u00eda<br>correspondiente -de $200.000- que es de car\u00e1cter obligatorio para participar\u201d, recalc\u00f3.<br>Como siempre, para participar de esta instancia online, la persona debe ser mayor de 18 a\u00f1os y<br>contar con su correspondiente Clave \u00danica para acceder sin problemas. Ante cualquier duda, las<br>autoridades recordaron ingresar al banner \u201cCalendario de Remates\u201d del sitio web, o bien, acudir a<br>la sucursal de la \u201cT\u00eda Rica\u201d, abierta al p\u00fablico, de lunes a viernes, entre las 9:00 y las 14:00 horas.<\/p>\n","protected":false},"excerpt":{"rendered":"<p>Un nuevo remate de joyas y objetos varios est\u00e1 anunciando la Direcci\u00f3n General del Cr\u00e9dito Prendario (Dicrep) Magallanes -m\u00e1s conocida como la \u201cT\u00eda Rica\u201d- servicio dependiente del Ministerio del Trabajo&#8230; <a class=\"read-more\" href=\"https:\/\/www.radiopresidenteibanez.cl\/web\/tia-rica-anuncia-su-proximo-remate-virtual-de-alhajas-y-objetos-varios\/\">Leer m\u00e1s<\/a><\/p>\n","protected":false},"author":2,"featured_media":57085,"comment_status":"closed","ping_status":"closed","sticky":false,"template":"","format":"standard","meta":{"footnotes":""},"categories":[1],"tags":[],"class_list":["post-57084","post","type-post","status-publish","format-standard","has-post-thumbnail","hentry","category-cronica"],"_links":{"self":[{"href":"https:\/\/www.radiopresidenteibanez.cl\/web\/wp-json\/wp\/v2\/posts\/57084","targetHints":{"allow":["GET"]}}],"collection":[{"href":"https:\/\/www.radiopresidenteibanez.cl\/web\/wp-json\/wp\/v2\/posts"}],"about":[{"href":"https:\/\/www.radiopresidenteibanez.cl\/web\/wp-json\/wp\/v2\/types\/post"}],"author":[{"embeddable":true,"href":"https:\/\/www.radiopresidenteibanez.cl\/web\/wp-json\/wp\/v2\/users\/2"}],"replies":[{"embeddable":true,"href":"https:\/\/www.radiopresidenteibanez.cl\/web\/wp-json\/wp\/v2\/comments?post=57084"}],"version-history":[{"count":0,"href":"https:\/\/www.radiopresidenteibanez.cl\/web\/wp-json\/wp\/v2\/posts\/57084\/revisions"}],"wp:featuredmedia":[{"embeddable":true,"href":"https:\/\/www.radiopresidenteibanez.cl\/web\/wp-json\/wp\/v2\/media\/57085"}],"wp:attachment":[{"href":"https:\/\/www.radiopresidenteibanez.cl\/web\/wp-json\/wp\/v2\/media?parent=57084"}],"wp:term":[{"taxonomy":"category","embeddable":true,"href":"https:\/\/www.radiopresidenteibanez.cl\/web\/wp-json\/wp\/v2\/categories?post=57084"},{"taxonomy":"post_tag","embeddable":true,"href":"https:\/\/www.radiopresidenteibanez.cl\/web\/wp-json\/wp\/v2\/tags?post=57084"}],"curies":[{"name":"wp","href":"https:\/\/api.w.org\/{rel}","templated":true}]}}