{"id":57082,"date":"2025-06-19T08:43:00","date_gmt":"2025-06-19T11:43:00","guid":{"rendered":"https:\/\/www.radiopresidenteibanez.cl\/web\/?p=57082"},"modified":"2025-06-19T08:15:49","modified_gmt":"2025-06-19T11:15:49","slug":"boletin-informativo-orbe-38","status":"publish","type":"post","link":"https:\/\/www.radiopresidenteibanez.cl\/web\/boletin-informativo-orbe-38\/","title":{"rendered":"BOLETIN INFORMATIVO ORBE"},"content":{"rendered":"\n<p>SANTIAGO.- Un informe policial revel\u00f3 que la expresidenta de<br>la C\u00e1mara de Diputados Karol Cariola, PC, le pidi\u00f3 al ex<br>alcalde de Independencia, Gonzalo Dur\u00e1n, que gestionara una<br>rebaja de las m\u00faltiples multas que se le cursaron por<br>transitar sin TAG durante el 2019. El Ministerio P\u00fablico<br>advirti\u00f3 de conversaciones, en el marco de la investigaci\u00f3n<br>por el denominado caso Sierra Bella.<\/p>\n\n\n\n<p>SANTIAGO.- En la carpeta de la indagatoria se analizaron las<br>conversaciones extra\u00eddas del celular de Cariola, en las que<br>se revel\u00f3 que le solicit\u00f3 a Dur\u00e1n interceder para obtener la<br>disminuci\u00f3n en el cobro de las multas de tr\u00e1nsito. En los<br>mensajes se da cuenta que Cariola, al intentar renovar su<br>permiso de circulaci\u00f3n, se le inform\u00f3 que ten\u00eda 22 multas,<br>dos de ellas del municipio de Independencia, por lo que le<br>pidi\u00f3 a Dur\u00e1n interceder porque \u00abera mucha plata\u00bb.<\/p>\n\n\n\n<p>SANTIAGO.- Sin embargo, Dur\u00e1n no pudo ayudar a la entonces<br>presidenta de la C\u00e1mara Baja, pero s\u00ed realiz\u00f3 gestiones en su<br>calidad de autoridad comunal a ra\u00edz de la solicitud de<br>Cariola, seg\u00fan consign\u00f3 La Tercera. La conversaci\u00f3n entre<br>Cariola y Dur\u00e1n ocurri\u00f3 el 29 de marzo de 2022.<\/p>\n\n\n\n<p>COQUIMBO.- En paralelo, en el marco de la indagatoria<br>realizada por el fiscal regional de Coquimbo, Patricio<br>Cooper, contra la diputada PC Karol Cariola, por el caso<br>vinculado a los empresarios chinos, se conocieron otros<br>antecedentes que derivaron en que se abriera una nueva causa<br>penal en su contra, ahora remitida a la Fiscal\u00eda de<br>Valpara\u00edso.<\/p>\n\n\n\n<p>COQUIMBO.- El ente persecutor regional detall\u00f3 que \u00abse<br>remiti\u00f3 la causa desde la Fiscal\u00eda Regional de Coquimbo, la<br>que ser\u00e1 asignada a la Unidad Regional Anticorrupci\u00f3n\u00bb. Esto,<br>porque a los favores que habr\u00eda pedido la diputada a Gonzalo<br>Dur\u00e1n -cuando era alcalde de independencia- a ra\u00edz de dos<br>multas de tr\u00e1nsito, se habr\u00eda replicado con otros jefes<br>comunales, o sea, solicitar favores para solucionar<br>inconvenientes personales.<\/p>\n\n\n\n<p>COQUIMBO.- As\u00ed, a ra\u00edz de la revisi\u00f3n de las conversaciones<br>del tel\u00e9fono que se le incaut\u00f3 a la diputada, se conoci\u00f3 que<br>pidi\u00f3 favores al exalcalde de Casablanca, Francisco Riquelme,<br>FA, quien ahora es director regional del Servicio Nacional de<br>Discapacidad en Tarapac\u00e1. Cuando se le suspendi\u00f3 su licencia<br>de conducir, Cariola se habr\u00eda contactado con Riquelme, el<br>mismo d\u00eda en que se encontraba en el Juzgado de Polic\u00eda<br>Local, el 27 de septiembre de 2022.<\/p>\n\n\n\n<p>COQUIMBO.- Debido a eso, el persecutor habr\u00eda determinado<br>abrir una nueva causa contra la parlamentaria, y el pasado 10<br>de junio habr\u00eda remitido copia de los antecedentes a la<br>fiscal regional de Valpara\u00edso, Claudia Perivancich. Lo<br>anterior, considerando que los datos de la indagatoria en<br>cuesti\u00f3n dan cuenta de situaciones que habr\u00edan ocurrido en<br>esa zona, consign\u00f3 La Tercera.<\/p>\n\n\n\n<p>SANTIAGO.- En un pleno del Consejo Regional Metropolitano se<br>defini\u00f3 a los integrantes de la comisi\u00f3n investigadora del<br>Gobierno Regional, liderado por Claudio Orrego, que indagar\u00e1<br>las irregularidades detectadas por Contralor\u00eda. Los<br>consejeros sorteados deber\u00e1n investigar las falencias<br>detectadas por el ente fiscalizador en la gesti\u00f3n de Orrego,<br>imputado por fraude al fisco a ra\u00edz de un supuesto uso<br>fraudulento de recursos p\u00fablicos en su campa\u00f1a de reelecci\u00f3n<br>en 2024.<\/p>\n\n\n\n<p>SANTIAGO.- Los cinco cores que ser\u00e1n parte de la comisi\u00f3n<br>investigadora son \u00c1lvaro Bellolio, UDI,, Nicole Aguilera,<br>UDI, Jos\u00e9 Pablo Soto. RN, Sergio Morales, Republicanos, y<br>Carolina Oteiza, PS. En tanto, los miembros suplentes son<br>tres: Alfredo Vergara, Republicano, Leslie Venegas, FA, y<br>Valeria Ortega, independiente-PC. La instancia tendr\u00e1 15 d\u00edas<br>h\u00e1biles para constituirse, y otros 45 h\u00e1biles para operar, y<br>no podr\u00e1 exceder los 6 meses de funcionamiento.<\/p>\n\n\n\n<p>SANTIAGO.- La instancia deber\u00e1 \u00abinvestigar cabalmente la<br>materia que el Consejo Regional le ha encomendado\u00bb. Tambi\u00e9n,<br>tendr\u00e1 que \u00abemitir un informe con los resultados del proceso<br>de fiscalizaci\u00f3n, el que ser\u00e1 publicado una vez finalizado el<br>encargo efectuado por el Consejo Regional\u00bb. Adem\u00e1s, deber\u00e1<br>\u00abproponer al Consejo Regional el establecimiento cualquiera<br>de las medidas de fiscalizaci\u00f3n establecidas en el<br>reglamento\u00bb.<\/p>\n","protected":false},"excerpt":{"rendered":"<p>SANTIAGO.- Un informe policial revel\u00f3 que la expresidenta dela C\u00e1mara de Diputados Karol Cariola, PC, le pidi\u00f3 al exalcalde de Independencia, Gonzalo Dur\u00e1n, que gestionara unarebaja de las m\u00faltiples multas&#8230; <a class=\"read-more\" href=\"https:\/\/www.radiopresidenteibanez.cl\/web\/boletin-informativo-orbe-38\/\">Leer m\u00e1s<\/a><\/p>\n","protected":false},"author":2,"featured_media":57057,"comment_status":"closed","ping_status":"closed","sticky":false,"template":"","format":"standard","meta":{"footnotes":""},"categories":[1],"tags":[],"class_list":["post-57082","post","type-post","status-publish","format-standard","has-post-thumbnail","hentry","category-cronica"],"_links":{"self":[{"href":"https:\/\/www.radiopresidenteibanez.cl\/web\/wp-json\/wp\/v2\/posts\/57082","targetHints":{"allow":["GET"]}}],"collection":[{"href":"https:\/\/www.radiopresidenteibanez.cl\/web\/wp-json\/wp\/v2\/posts"}],"about":[{"href":"https:\/\/www.radiopresidenteibanez.cl\/web\/wp-json\/wp\/v2\/types\/post"}],"author":[{"embeddable":true,"href":"https:\/\/www.radiopresidenteibanez.cl\/web\/wp-json\/wp\/v2\/users\/2"}],"replies":[{"embeddable":true,"href":"https:\/\/www.radiopresidenteibanez.cl\/web\/wp-json\/wp\/v2\/comments?post=57082"}],"version-history":[{"count":0,"href":"https:\/\/www.radiopresidenteibanez.cl\/web\/wp-json\/wp\/v2\/posts\/57082\/revisions"}],"wp:featuredmedia":[{"embeddable":true,"href":"https:\/\/www.radiopresidenteibanez.cl\/web\/wp-json\/wp\/v2\/media\/57057"}],"wp:attachment":[{"href":"https:\/\/www.radiopresidenteibanez.cl\/web\/wp-json\/wp\/v2\/media?parent=57082"}],"wp:term":[{"taxonomy":"category","embeddable":true,"href":"https:\/\/www.radiopresidenteibanez.cl\/web\/wp-json\/wp\/v2\/categories?post=57082"},{"taxonomy":"post_tag","embeddable":true,"href":"https:\/\/www.radiopresidenteibanez.cl\/web\/wp-json\/wp\/v2\/tags?post=57082"}],"curies":[{"name":"wp","href":"https:\/\/api.w.org\/{rel}","templated":true}]}}