{"id":57079,"date":"2025-06-19T09:36:00","date_gmt":"2025-06-19T12:36:00","guid":{"rendered":"https:\/\/www.radiopresidenteibanez.cl\/web\/?p=57079"},"modified":"2025-06-19T08:07:45","modified_gmt":"2025-06-19T11:07:45","slug":"comunicar-con-sentido-jornada-une-a-equipos-de-prevencion-y-tratamiento-en-magallanes-para-avanzar-hacia-una-atencion-sin-estigmas","status":"publish","type":"post","link":"https:\/\/www.radiopresidenteibanez.cl\/web\/comunicar-con-sentido-jornada-une-a-equipos-de-prevencion-y-tratamiento-en-magallanes-para-avanzar-hacia-una-atencion-sin-estigmas\/","title":{"rendered":"Comunicar con sentido: Jornada une a equipos de prevenci\u00f3n y tratamiento en Magallanes para avanzar hacia una atenci\u00f3n sin estigmas"},"content":{"rendered":"\n<p>En el marco del Mes de la Prevenci\u00f3n del consumo de alcohol y otras drogas, se<br>desarroll\u00f3 en Punta Arenas una jornada de trabajo que reuni\u00f3 a los equipos de los<br>programas de tratamiento de la regi\u00f3n de Magallanes y a las y los profesionales de los<br>equipos SENDA Previene delos municipios de Natales y Porvenir y de la Delegaci\u00f3n<br>Presidencial Regional, con el objetivo de fortalecer la comunicaci\u00f3n respetuosa y efectiva<br>con las personas que enfrentan consumo problem\u00e1tico y con la comunidad en general.<br>La jornada contempl\u00f3 presentaciones a cargo de la encargada de Comunicaciones de<br>SENDA Magallanes y Ant\u00e1rtica Chilena, Ma. Soledad Ruiz Ovando, quien abord\u00f3 dos ejes<br>centrales: la importancia de comunicar sin estigma y el impacto de la comunicaci\u00f3n no<br>verbal en los procesos de atenci\u00f3n y prevenci\u00f3n.<br>Entre los principales contenidos se entregaron recomendaciones para utilizar un lenguaje<br>centrado en la persona, evitando t\u00e9rminos que refuercen prejuicios o criminalicen el<br>consumo, y destacando el enfoque de salud p\u00fablica y derechos humanos. Adem\u00e1s, se<br>reflexion\u00f3 sobre la influencia del lenguaje corporal, el tono de voz y la expresi\u00f3n facial en<br>la relaci\u00f3n con las personas usuarias.<br>El director regional subrogante de SENDA Magallanes, \u00c1lvaro D\u00edaz Roa, valor\u00f3 la jornada<br>se\u00f1alando:<br>\u201cEsta instancia reafirma el compromiso de nuestros equipos con una atenci\u00f3n digna,<br>emp\u00e1tica y libre de estigmas. El trabajo conjunto entre prevenci\u00f3n y tratamiento es clave<br>para fortalecer una red que ponga en el centro a las personas, promoviendo su bienestar y<br>recuperaci\u00f3n.\u201d<br>Los equipos participantes destacaron la importancia de estos espacios de reflexi\u00f3n y<br>formaci\u00f3n conjunta, que permiten alinear miradas, fortalecer competencias<br>comunicacionales y proyectar un trabajo m\u00e1s articulado y coherente con los principios de<br>respeto, equidad y justicia social.<br>Con acciones como esta, SENDA Magallanes contin\u00faa consolidando su labor preventiva y<br>terap\u00e9utica, con una visi\u00f3n integral y comunitaria frente al consumo de alcohol y otras<br>drogas.<\/p>\n","protected":false},"excerpt":{"rendered":"<p>En el marco del Mes de la Prevenci\u00f3n del consumo de alcohol y otras drogas, sedesarroll\u00f3 en Punta Arenas una jornada de trabajo que reuni\u00f3 a los equipos de losprogramas&#8230; <a class=\"read-more\" href=\"https:\/\/www.radiopresidenteibanez.cl\/web\/comunicar-con-sentido-jornada-une-a-equipos-de-prevencion-y-tratamiento-en-magallanes-para-avanzar-hacia-una-atencion-sin-estigmas\/\">Leer m\u00e1s<\/a><\/p>\n","protected":false},"author":2,"featured_media":57080,"comment_status":"closed","ping_status":"closed","sticky":false,"template":"","format":"standard","meta":{"footnotes":""},"categories":[1],"tags":[],"class_list":["post-57079","post","type-post","status-publish","format-standard","has-post-thumbnail","hentry","category-cronica"],"_links":{"self":[{"href":"https:\/\/www.radiopresidenteibanez.cl\/web\/wp-json\/wp\/v2\/posts\/57079","targetHints":{"allow":["GET"]}}],"collection":[{"href":"https:\/\/www.radiopresidenteibanez.cl\/web\/wp-json\/wp\/v2\/posts"}],"about":[{"href":"https:\/\/www.radiopresidenteibanez.cl\/web\/wp-json\/wp\/v2\/types\/post"}],"author":[{"embeddable":true,"href":"https:\/\/www.radiopresidenteibanez.cl\/web\/wp-json\/wp\/v2\/users\/2"}],"replies":[{"embeddable":true,"href":"https:\/\/www.radiopresidenteibanez.cl\/web\/wp-json\/wp\/v2\/comments?post=57079"}],"version-history":[{"count":0,"href":"https:\/\/www.radiopresidenteibanez.cl\/web\/wp-json\/wp\/v2\/posts\/57079\/revisions"}],"wp:featuredmedia":[{"embeddable":true,"href":"https:\/\/www.radiopresidenteibanez.cl\/web\/wp-json\/wp\/v2\/media\/57080"}],"wp:attachment":[{"href":"https:\/\/www.radiopresidenteibanez.cl\/web\/wp-json\/wp\/v2\/media?parent=57079"}],"wp:term":[{"taxonomy":"category","embeddable":true,"href":"https:\/\/www.radiopresidenteibanez.cl\/web\/wp-json\/wp\/v2\/categories?post=57079"},{"taxonomy":"post_tag","embeddable":true,"href":"https:\/\/www.radiopresidenteibanez.cl\/web\/wp-json\/wp\/v2\/tags?post=57079"}],"curies":[{"name":"wp","href":"https:\/\/api.w.org\/{rel}","templated":true}]}}