{"id":57073,"date":"2025-06-18T17:54:00","date_gmt":"2025-06-18T20:54:00","guid":{"rendered":"https:\/\/www.radiopresidenteibanez.cl\/web\/?p=57073"},"modified":"2025-06-18T11:59:12","modified_gmt":"2025-06-18T14:59:12","slug":"estudiantes-de-villa-las-nieves-aprenden-sobre-eficiencia-energetica-con-charla-de-edelmag","status":"publish","type":"post","link":"https:\/\/www.radiopresidenteibanez.cl\/web\/estudiantes-de-villa-las-nieves-aprenden-sobre-eficiencia-energetica-con-charla-de-edelmag\/","title":{"rendered":"Estudiantes de Villa las Nieves aprenden sobre eficiencia energ\u00e9tica con charla de EDELMAG"},"content":{"rendered":"\n<p>Este martes, un equipo de EDELMAG, se traslad\u00f3 hasta la escuela Villa las Nieves, para compartir conocimientos y promover la importancia de la energ\u00eda y su cuidado entre los estudiantes mediante una interactiva exposici\u00f3n sobre c\u00f3mo funciona la energ\u00eda en su vida diaria y la importancia de cuidarla para un futuro sostenible.&nbsp;<\/p>\n\n\n\n<p>La charla estuvo a cargo de&nbsp;Davor Vukasovic, jefe de Desarrollo de Proyectos de EDELMAG, quien realiz\u00f3 la presentaci\u00f3n \u201cEficiencia Energ\u00e9tica y Energ\u00eda Renovable: \u00a1Aprendamos a \u200bCuidar Nuestro Planeta!\u201d.<\/p>\n\n\n\n<p>\u201cLes mostramos&nbsp;quienes somos nosotros como EDELMAG, qu\u00e9 es la eficiencia energ\u00e9tica y la responsabilidad que deben tener con el cuidado del planeta y su energ\u00eda. Vimos los diferentes tipos de energ\u00edas renovables, tambi\u00e9n los diversos proyectos que hay en Chile, sobre todo el proyecto Guerrico que estamos impulsando en la comuna de Cabo de Hornos\u201d destac\u00f3 Vukasovic.<\/p>\n\n\n\n<p>En la misma l\u00ednea, Macarena Oyarz\u00fan, Coordinadora de Medio Ambiente de la escuela Villa las Nieves, coment\u00f3 que \u201cesta era una de las visitas m\u00e1s esperadas. Estamos contentos y felices por la buena disposici\u00f3n. Es una tremenda instancia de aprendizaje. Es dif\u00edcil que las empresas grandes se acerquen a los establecimientos por lo que estamos muy agradecidos como escuela ambientalista\u201d.<\/p>\n\n\n\n<p>En la actividad, los alumnos tuvieron la oportunidad hacer preguntas y conocer a \u201cEdelman\u201d, el corp\u00f3reo de la electricidad, quien, con su caracter\u00edstico carisma, comparti\u00f3 y se fotografi\u00f3 con los estudiantes en un grato y divertido encuentro.<\/p>\n","protected":false},"excerpt":{"rendered":"<p>Este martes, un equipo de EDELMAG, se traslad\u00f3 hasta la escuela Villa las Nieves, para compartir conocimientos y promover la importancia de la energ\u00eda y su cuidado entre los estudiantes&#8230; <a class=\"read-more\" href=\"https:\/\/www.radiopresidenteibanez.cl\/web\/estudiantes-de-villa-las-nieves-aprenden-sobre-eficiencia-energetica-con-charla-de-edelmag\/\">Leer m\u00e1s<\/a><\/p>\n","protected":false},"author":2,"featured_media":57074,"comment_status":"closed","ping_status":"closed","sticky":false,"template":"","format":"standard","meta":{"footnotes":""},"categories":[1],"tags":[],"class_list":["post-57073","post","type-post","status-publish","format-standard","has-post-thumbnail","hentry","category-cronica"],"_links":{"self":[{"href":"https:\/\/www.radiopresidenteibanez.cl\/web\/wp-json\/wp\/v2\/posts\/57073","targetHints":{"allow":["GET"]}}],"collection":[{"href":"https:\/\/www.radiopresidenteibanez.cl\/web\/wp-json\/wp\/v2\/posts"}],"about":[{"href":"https:\/\/www.radiopresidenteibanez.cl\/web\/wp-json\/wp\/v2\/types\/post"}],"author":[{"embeddable":true,"href":"https:\/\/www.radiopresidenteibanez.cl\/web\/wp-json\/wp\/v2\/users\/2"}],"replies":[{"embeddable":true,"href":"https:\/\/www.radiopresidenteibanez.cl\/web\/wp-json\/wp\/v2\/comments?post=57073"}],"version-history":[{"count":0,"href":"https:\/\/www.radiopresidenteibanez.cl\/web\/wp-json\/wp\/v2\/posts\/57073\/revisions"}],"wp:featuredmedia":[{"embeddable":true,"href":"https:\/\/www.radiopresidenteibanez.cl\/web\/wp-json\/wp\/v2\/media\/57074"}],"wp:attachment":[{"href":"https:\/\/www.radiopresidenteibanez.cl\/web\/wp-json\/wp\/v2\/media?parent=57073"}],"wp:term":[{"taxonomy":"category","embeddable":true,"href":"https:\/\/www.radiopresidenteibanez.cl\/web\/wp-json\/wp\/v2\/categories?post=57073"},{"taxonomy":"post_tag","embeddable":true,"href":"https:\/\/www.radiopresidenteibanez.cl\/web\/wp-json\/wp\/v2\/tags?post=57073"}],"curies":[{"name":"wp","href":"https:\/\/api.w.org\/{rel}","templated":true}]}}