{"id":57070,"date":"2025-06-18T15:57:00","date_gmt":"2025-06-18T18:57:00","guid":{"rendered":"https:\/\/www.radiopresidenteibanez.cl\/web\/?p=57070"},"modified":"2025-06-18T11:53:50","modified_gmt":"2025-06-18T14:53:50","slug":"directora-nacional-de-sence-anuncia-la-realizacion-de-dos-ferias-laborales-en-agosto-para-magallanes","status":"publish","type":"post","link":"https:\/\/www.radiopresidenteibanez.cl\/web\/directora-nacional-de-sence-anuncia-la-realizacion-de-dos-ferias-laborales-en-agosto-para-magallanes\/","title":{"rendered":"Directora Nacional de SENCE anuncia la realizaci\u00f3n de dos ferias laborales en agosto para Magallanes"},"content":{"rendered":"\n<p>El lunes 16 de agosto aterriz\u00f3 en Punta Arenas la directora nacional del Servicio Nacional de Capacitaci\u00f3n y Empleo SENCE, Romanina Morales Baltra \u00bfQu\u00e9 la tra\u00eda por la zona? Grandes motivos: presentar a la nueva directora regional, Doris Sandoval Miranda y entregar las<br>novedades de lo que ser\u00e1n las Ferias Laborales 2025 que se realizar\u00e1n Punta Arenas y Natales, con<br>formato h\u00edbrido y la participaci\u00f3n de grandes empresas, durante el mes de agosto.<br>El paso de la directora, adem\u00e1s, pudo ser aprovechado por las y los usuarios del servicio, ya que visit\u00f3 dos cursos de capacitaci\u00f3n que se est\u00e1n ejecutando en Punta Arenas: Instalaciones El\u00e9ctricas Tipo F y G, con certificaci\u00f3n SEC y Operaciones B\u00e1sicas de Pasteler\u00eda, curso donde las alumnas realizaron una muestra gastron\u00f3mica donde pudieron aplicar todos los conocimientos adquiridos durante la capacitaci\u00f3n.<br>\u201cLa visita a la regi\u00f3n de Magallanes y Ant\u00e1rtica Chilena tuvo un prop\u00f3sito de presentar a nuestra<br>directora regional titular, Doris Sandoval Miranda, quien asume desde el d\u00eda de ayer. Ayer tuvimos una agenda bien contundente con el delegado presidencial, el gobernador, visitamos un curso de<br>instalaciones el\u00e9ctricas y obviamente nos reunimos con nuestras personas funcionarias\u201d, detall\u00f3 la<br>directora Romanina Morales Baltra.<br>Adem\u00e1s, la directora nacional anticip\u00f3 la fecha de la versi\u00f3n 2025 de la Feria Laboral SENCE. \u201cPara la regi\u00f3n, tambi\u00e9n estamos muy contentos y contentas, porque queremos dar aviso que el d\u00eda 20 y 27 de agosto vamos a tener ferias laborales. El 20 en Punta Arenas y el 27 en Natales, con un sentido h\u00edbrido, lo que significa que ser\u00e1 presencial los d\u00edas se\u00f1alados y el resto del tiempo, a trav\u00e9s, de la BNE.cl y aqu\u00ed vamos a poder hacer el match perfecto de lo que est\u00e1 en la oferta de los sectores econ\u00f3micos con las personas que quieren mejorar su empleo o, bien, buscan empleo\u201d.<br>Destacando el trabajo interinstitucional<br>Una de las principales actividades que realiz\u00f3 la directora nacional en la regi\u00f3n fue visitar el curso<br>Operaciones B\u00e1sicas de Pasteler\u00eda, del programa de Becas Laborales, que est\u00e1 realizando un grupo de usuarias de Fosis, instituci\u00f3n con la que Sence regional suscribi\u00f3 un convenio de colaboraci\u00f3n a finales de 2024.<\/p>\n\n\n\n<p>El director regional de Fosis Felipe Jeria, expres\u00f3 la importancia de las alianzas entre instituciones para lograr mayores beneficios para las personas usuarias de los programas del Estado.<br>\u201cNo es banal entender que muchos de estos cursos son utilizados por las mujeres, en Fosis, por<br>ejemplo, aproximadamente el 85% de las personas que postulan a nuestra oferta program\u00e1tica de la l\u00ednea Emprendimiento, son de mujeres y, de ese 85%, la mayor\u00eda son jefas de hogar y mujeres que cuidan. Por tanto, son mujeres que han presentado barreras estructurales para la generaci\u00f3n de ingresos y para el autoempleo. Entonces estas alianzas intersectoriales que se generan permiten abrir<br>nuevas oportunidades porque complementan los programas de Fosis junto con los programas de<br>Sence y, de esa manera, las personas adquieren herramientas que van nutriendo su quehacer\u201d,<br>remarc\u00f3 el director.<br>Al respecto, la reci\u00e9n asumida directora regional, Doris Sandoval Miranda opin\u00f3 que esta es la \u201cla<br>expresi\u00f3n de un trabajo colaborativo al interior del Estado. En la regi\u00f3n todav\u00eda tenemos una brecha que permanece. El desempleo afecta mayormente a las mujeres, entonces todos nuestros esfuerzos van en ese prop\u00f3sito. En el caso del Servicio Nacional de Capacitaci\u00f3n y Empleo, con esta decisi\u00f3n de apostar a acortar la brecha en la regi\u00f3n de Magallanes, casi el 60% de nuestros programas del a\u00f1o pasado fue realizado por mujeres. Lo que habla de que el discurso tiene que ir acompa\u00f1ado de la acci\u00f3n.\u201d<br>Cambiando vidas<br>Para las alumnas del curso de pasteler\u00eda haber podido realizar este curso les ha abierto un abanico de nuevas posibilidades para surgir en la vida y seguir aport\u00e1ndole a sus familias, como muchas ya lo hacen desde siempre con su rol de cuidadoras.<br>As\u00ed lo evidencia Marcela Vera Aguilar, quien ha sido due\u00f1a de casa toda su vida y vio en este curso la opci\u00f3n para atreverse a desarrollar una actividad para ella. \u201cFui una due\u00f1a de casa por m\u00e1s de 20 a\u00f1os, entonces nunca hab\u00eda salido de mi hogar. Me encantaba esto de aprender cocina, pero nunca me hab\u00eda atrevido a hacer un curso, siempre era para mi familia. Pero para m\u00ed ha sido muy importante porque aprend\u00ed que tengo muchos talentos y que los voy a ir desarrollando para beneficio m\u00edo y de mi familia\u201d, destac\u00f3.<br>Dorka Guerrero Toro, alumna, emprendedora y cuidadora de sus tres nietas, agradeci\u00f3 esta<br>oportunidad, \u201cHe aprendido bastante. Yo soy de esas personas que vende empanaditas y ahora me voy a innovar, voy a hacer tortitas, cocteler\u00eda. Para m\u00ed que soy cuidadora, les digo que hay que innovar y salir adelante\u201d, recomend\u00f3.<br>En tanto, para Paulina Fuentes Melian, el curso tambi\u00e9n signific\u00f3 un espacio de encuentro con las<br>pares donde poder compartir sus vivencias y sus experiencias personales: \u201cM\u00e1s all\u00e1 de las recetas y<br>todo lo que aprendimos se hicieron alianzas, amistades y se gener\u00f3 un v\u00ednculo afectivo muy lindo. Si bien yo hac\u00eda cosas en mi casa, no es lo mismo contar con una profesora que te lo ense\u00f1e y ahora tengo mi objetivo claro de que \u00e9sta es mi \u00e1rea\u201d, sentenci\u00f3.<br>\u201cSin duda para nosotros como administraci\u00f3n ha sido eje clave en nuestra gesti\u00f3n toda la perspectiva de g\u00e9nero. Las mujeres siempre hemos sido segregadas o tenemos una dificultad de acceso no solo a la capacitaci\u00f3n sino tambi\u00e9n al empleo por nuestro rol. Hemos sido cuidadoras de nuestros hijos, de nuestras hijas y posteriormente somos cuidadoras de nuestros padres, por lo tanto, el Estado tiene el deber jur\u00eddico, moral y \u00e9tico de abrirle espacio a la mujer para que tengan su actividad e independencia econ\u00f3mica\u201d, finaliz\u00f3 la directora nacional de Sence, Romanina Morales Baltra.<\/p>\n","protected":false},"excerpt":{"rendered":"<p>El lunes 16 de agosto aterriz\u00f3 en Punta Arenas la directora nacional del Servicio Nacional de Capacitaci\u00f3n y Empleo SENCE, Romanina Morales Baltra \u00bfQu\u00e9 la tra\u00eda por la zona? Grandes&#8230; <a class=\"read-more\" href=\"https:\/\/www.radiopresidenteibanez.cl\/web\/directora-nacional-de-sence-anuncia-la-realizacion-de-dos-ferias-laborales-en-agosto-para-magallanes\/\">Leer m\u00e1s<\/a><\/p>\n","protected":false},"author":2,"featured_media":57071,"comment_status":"closed","ping_status":"closed","sticky":false,"template":"","format":"standard","meta":{"footnotes":""},"categories":[1],"tags":[],"class_list":["post-57070","post","type-post","status-publish","format-standard","has-post-thumbnail","hentry","category-cronica"],"_links":{"self":[{"href":"https:\/\/www.radiopresidenteibanez.cl\/web\/wp-json\/wp\/v2\/posts\/57070","targetHints":{"allow":["GET"]}}],"collection":[{"href":"https:\/\/www.radiopresidenteibanez.cl\/web\/wp-json\/wp\/v2\/posts"}],"about":[{"href":"https:\/\/www.radiopresidenteibanez.cl\/web\/wp-json\/wp\/v2\/types\/post"}],"author":[{"embeddable":true,"href":"https:\/\/www.radiopresidenteibanez.cl\/web\/wp-json\/wp\/v2\/users\/2"}],"replies":[{"embeddable":true,"href":"https:\/\/www.radiopresidenteibanez.cl\/web\/wp-json\/wp\/v2\/comments?post=57070"}],"version-history":[{"count":0,"href":"https:\/\/www.radiopresidenteibanez.cl\/web\/wp-json\/wp\/v2\/posts\/57070\/revisions"}],"wp:featuredmedia":[{"embeddable":true,"href":"https:\/\/www.radiopresidenteibanez.cl\/web\/wp-json\/wp\/v2\/media\/57071"}],"wp:attachment":[{"href":"https:\/\/www.radiopresidenteibanez.cl\/web\/wp-json\/wp\/v2\/media?parent=57070"}],"wp:term":[{"taxonomy":"category","embeddable":true,"href":"https:\/\/www.radiopresidenteibanez.cl\/web\/wp-json\/wp\/v2\/categories?post=57070"},{"taxonomy":"post_tag","embeddable":true,"href":"https:\/\/www.radiopresidenteibanez.cl\/web\/wp-json\/wp\/v2\/tags?post=57070"}],"curies":[{"name":"wp","href":"https:\/\/api.w.org\/{rel}","templated":true}]}}