{"id":5707,"date":"2019-07-12T17:02:28","date_gmt":"2019-07-12T17:02:28","guid":{"rendered":"http:\/\/www.radiopresidenteibanez.cl\/web\/?p=5707"},"modified":"2019-07-12T17:03:01","modified_gmt":"2019-07-12T17:03:01","slug":"cpc-magallanes-decisiones-que-afectan-a-magallanes-las-adoptan-quienes-no-conocen-la-realidad-local","status":"publish","type":"post","link":"https:\/\/www.radiopresidenteibanez.cl\/web\/cpc-magallanes-decisiones-que-afectan-a-magallanes-las-adoptan-quienes-no-conocen-la-realidad-local\/","title":{"rendered":"CPC MAGALLANES: \u201cDECISIONES QUE AFECTAN A MAGALLANES LAS ADOPTAN QUIENES NO CONOCEN LA REALIDAD LOCAL\u201d"},"content":{"rendered":"\n<p>Una gran decepci\u00f3n provoc\u00f3 en la mayor multigremail de la regi\u00f3n, CPC Magallanes, la decisi\u00f3n del Tercer Tribunal Ambiental de Valdivia de rechazar la invitaci\u00f3n que le hicieran los sindicatos de Mina Invierno para visitar el yacimiento de carb\u00f3n ubicado en isla Riesco y de esa forma conocer en persona los altos est\u00e1ndares de producci\u00f3n y las excelentes condiciones laborales que la empresa mantiene en la mina ubicada en la zona austral de Chile.<\/p>\n\n\n\n<p>\u201cNos parece ins\u00f3lito que los jueces se nieguen a conocer personalmente el yacimiento toda vez que es de p\u00fablico conocimiento los efectos sociales que conlleva la decisi\u00f3n del Tercer Tribunal Ambiental de prohibir las tornaduras\u201d, expres\u00f3 Alejandro Kusanovic, presidente de CPC Magallanes agregando que \u201ceste es un Tribunal al que no le interesan ni importan las realidades de lo que eval\u00faan y menos las consecuencias de sus decisiones.\u201d<\/p>\n\n\n\n<p>El l\u00edder de los empresarios record\u00f3 que a pesar de toda la informaci\u00f3n t\u00e9cnica que se le hizo llegar a los jueces no se logr\u00f3 disipar la idea de que existe riesgo de destrucci\u00f3n de restos paleonotol\u00f3gicos y que la medida cautelar \u00abno interfiera excesivamente en la actividad autorizada, es decir, a trav\u00e9s de medidas id\u00f3neas y proporcionales\u00bb.&nbsp;<\/p>\n\n\n\n<p>\u201c\u00bfC\u00f3mo es posible que un Tribunal que habitualmente sale a terreno, tome una decisi\u00f3n a m\u00e1s de dos mil kil\u00f3metros de distancia, sin haber puesto un p\u00ede en Mina Invierno, adopte el mantener una medida cautelar que es absolutamente desproporcionada ya que paraliza una empresa en operaci\u00f3n con la p\u00e9rdida de cientos de puestos de trabajos y familias afectadas, basado en que los antecedentes proporcionados no les han sido suficientes para disipar un supuesto peligro de destrucci\u00f3n de material paleobot\u00e1nica, materia en la cual ni siquiera tienen consenso los tres jueces\u201d, se quej\u00f3 Kusanovic agregando que esta decisi\u00f3n es \u201csin duda un desprecio a Magallanes y su gente.\u201d<\/p>\n","protected":false},"excerpt":{"rendered":"<p>Una gran decepci\u00f3n provoc\u00f3 en la mayor multigremail de la regi\u00f3n, CPC Magallanes, la decisi\u00f3n del Tercer Tribunal Ambiental de Valdivia de rechazar la invitaci\u00f3n que le hicieran los sindicatos&#8230; <a class=\"read-more\" href=\"https:\/\/www.radiopresidenteibanez.cl\/web\/cpc-magallanes-decisiones-que-afectan-a-magallanes-las-adoptan-quienes-no-conocen-la-realidad-local\/\">Leer m\u00e1s<\/a><\/p>\n","protected":false},"author":2,"featured_media":5543,"comment_status":"closed","ping_status":"closed","sticky":false,"template":"","format":"standard","meta":{"footnotes":""},"categories":[1],"tags":[],"class_list":["post-5707","post","type-post","status-publish","format-standard","has-post-thumbnail","hentry","category-cronica"],"_links":{"self":[{"href":"https:\/\/www.radiopresidenteibanez.cl\/web\/wp-json\/wp\/v2\/posts\/5707","targetHints":{"allow":["GET"]}}],"collection":[{"href":"https:\/\/www.radiopresidenteibanez.cl\/web\/wp-json\/wp\/v2\/posts"}],"about":[{"href":"https:\/\/www.radiopresidenteibanez.cl\/web\/wp-json\/wp\/v2\/types\/post"}],"author":[{"embeddable":true,"href":"https:\/\/www.radiopresidenteibanez.cl\/web\/wp-json\/wp\/v2\/users\/2"}],"replies":[{"embeddable":true,"href":"https:\/\/www.radiopresidenteibanez.cl\/web\/wp-json\/wp\/v2\/comments?post=5707"}],"version-history":[{"count":0,"href":"https:\/\/www.radiopresidenteibanez.cl\/web\/wp-json\/wp\/v2\/posts\/5707\/revisions"}],"wp:featuredmedia":[{"embeddable":true,"href":"https:\/\/www.radiopresidenteibanez.cl\/web\/wp-json\/wp\/v2\/media\/5543"}],"wp:attachment":[{"href":"https:\/\/www.radiopresidenteibanez.cl\/web\/wp-json\/wp\/v2\/media?parent=5707"}],"wp:term":[{"taxonomy":"category","embeddable":true,"href":"https:\/\/www.radiopresidenteibanez.cl\/web\/wp-json\/wp\/v2\/categories?post=5707"},{"taxonomy":"post_tag","embeddable":true,"href":"https:\/\/www.radiopresidenteibanez.cl\/web\/wp-json\/wp\/v2\/tags?post=5707"}],"curies":[{"name":"wp","href":"https:\/\/api.w.org\/{rel}","templated":true}]}}