{"id":57067,"date":"2025-06-18T14:21:00","date_gmt":"2025-06-18T17:21:00","guid":{"rendered":"https:\/\/www.radiopresidenteibanez.cl\/web\/?p=57067"},"modified":"2025-06-18T11:25:37","modified_gmt":"2025-06-18T14:25:37","slug":"delegacion-presidencial-provincial-de-tierra-del-fuego-fomenta-la-identidad-cultural-en-estudiantes-de-la-comuna-de-primavera","status":"publish","type":"post","link":"https:\/\/www.radiopresidenteibanez.cl\/web\/delegacion-presidencial-provincial-de-tierra-del-fuego-fomenta-la-identidad-cultural-en-estudiantes-de-la-comuna-de-primavera\/","title":{"rendered":"Delegaci\u00f3n Presidencial Provincial de Tierra del Fuego fomenta la identidad cultural en estudiantes de la comuna de Primavera"},"content":{"rendered":"\n<p>Con el objetivo de fortalecer el reconocimiento y la identidad de los pueblos originarios, la<br>Delegaci\u00f3n Presidencial Provincial de Tierra del Fuego, a trav\u00e9s de su programa Gobierno<br>en Terreno, en conjunto con la dupla de asesores territoriales de CONADI (Corporaci\u00f3n<br>Nacional de Desarrollo Ind\u00edgena), organiz\u00f3 una jornada especial para los ni\u00f1os y ni\u00f1as de<br>la comuna de Primavera.<br>En esta ocasi\u00f3n, los y las estudiantes de la Escuela \u201cCerro Sombrero\u201d participaron en un<br>concurso de dibujo, centrado en la representaci\u00f3n art\u00edstica de los pueblos originarios. La<br>actividad cont\u00f3 con una alta convocatoria, con la entusiasta participaci\u00f3n de alrededor de<br>30 escolares, quienes plasmaron en sus obras la riqueza cultural y las tradiciones de los<br>pueblos ind\u00edgenas de Chile.<br>La jornada fue guiada por docentes de la escuela, los Asesores territoriales de CONADI y<br>el equipo de Gobierno en Terreno de la Delegaci\u00f3n Presidencial Provincial de Tierra del<br>Fuego, quienes acompa\u00f1aron y apoyaron a los estudiantes en el desarrollo de sus trabajos<br>art\u00edsticos. A trav\u00e9s de esta iniciativa, se foment\u00f3 la creatividad, el aprendizaje y el inter\u00e9s<br>por la historia de los pueblos ind\u00edgenas.<br>Jos\u00e9 Miguel Campos, Delegado Provincial de Tierra del Fuego, agradece la participaci\u00f3n<br>de los estudiantes y el compromiso de los docentes y funcionarios, reafirmando su<br>compromiso de seguir impulsando actividades que fortalezcan la identidad cultural y la<br>integraci\u00f3n de los pueblos originarios en la provincia.<\/p>\n","protected":false},"excerpt":{"rendered":"<p>Con el objetivo de fortalecer el reconocimiento y la identidad de los pueblos originarios, laDelegaci\u00f3n Presidencial Provincial de Tierra del Fuego, a trav\u00e9s de su programa Gobiernoen Terreno, en conjunto&#8230; <a class=\"read-more\" href=\"https:\/\/www.radiopresidenteibanez.cl\/web\/delegacion-presidencial-provincial-de-tierra-del-fuego-fomenta-la-identidad-cultural-en-estudiantes-de-la-comuna-de-primavera\/\">Leer m\u00e1s<\/a><\/p>\n","protected":false},"author":2,"featured_media":57068,"comment_status":"closed","ping_status":"closed","sticky":false,"template":"","format":"standard","meta":{"footnotes":""},"categories":[1],"tags":[],"class_list":["post-57067","post","type-post","status-publish","format-standard","has-post-thumbnail","hentry","category-cronica"],"_links":{"self":[{"href":"https:\/\/www.radiopresidenteibanez.cl\/web\/wp-json\/wp\/v2\/posts\/57067","targetHints":{"allow":["GET"]}}],"collection":[{"href":"https:\/\/www.radiopresidenteibanez.cl\/web\/wp-json\/wp\/v2\/posts"}],"about":[{"href":"https:\/\/www.radiopresidenteibanez.cl\/web\/wp-json\/wp\/v2\/types\/post"}],"author":[{"embeddable":true,"href":"https:\/\/www.radiopresidenteibanez.cl\/web\/wp-json\/wp\/v2\/users\/2"}],"replies":[{"embeddable":true,"href":"https:\/\/www.radiopresidenteibanez.cl\/web\/wp-json\/wp\/v2\/comments?post=57067"}],"version-history":[{"count":0,"href":"https:\/\/www.radiopresidenteibanez.cl\/web\/wp-json\/wp\/v2\/posts\/57067\/revisions"}],"wp:featuredmedia":[{"embeddable":true,"href":"https:\/\/www.radiopresidenteibanez.cl\/web\/wp-json\/wp\/v2\/media\/57068"}],"wp:attachment":[{"href":"https:\/\/www.radiopresidenteibanez.cl\/web\/wp-json\/wp\/v2\/media?parent=57067"}],"wp:term":[{"taxonomy":"category","embeddable":true,"href":"https:\/\/www.radiopresidenteibanez.cl\/web\/wp-json\/wp\/v2\/categories?post=57067"},{"taxonomy":"post_tag","embeddable":true,"href":"https:\/\/www.radiopresidenteibanez.cl\/web\/wp-json\/wp\/v2\/tags?post=57067"}],"curies":[{"name":"wp","href":"https:\/\/api.w.org\/{rel}","templated":true}]}}