{"id":57064,"date":"2025-06-18T12:56:00","date_gmt":"2025-06-18T15:56:00","guid":{"rendered":"https:\/\/www.radiopresidenteibanez.cl\/web\/?p=57064"},"modified":"2025-06-18T11:19:30","modified_gmt":"2025-06-18T14:19:30","slug":"convocan-a-creadores-audiovisuales-a-inscribirse-en-taller-de-guion","status":"publish","type":"post","link":"https:\/\/www.radiopresidenteibanez.cl\/web\/convocan-a-creadores-audiovisuales-a-inscribirse-en-taller-de-guion\/","title":{"rendered":"Convocan a creadores audiovisuales a inscribirse en taller de gui\u00f3n"},"content":{"rendered":"\n<p>Desde el 25 a 29 de agosto en el teatro municipal Jos\u00e9 Bohr de Punta Arenas se realizar\u00e1 del<br>Festival de Cine Polo Sur Latinoamericano, instancia de car\u00e1cter social, art\u00edstica y cultural que<br>desarrollar\u00e1 su XVII versi\u00f3n. As\u00ed lo dio a conocer la productora ejecutiva y programadora del<br>evento, Caroline Pavez.<br>Dentro de la programaci\u00f3n, se\u00f1al\u00f3 Pavez, se realizan actividades paralelas. Dentro de ellas, el El<br>F.A.R.O LAB del Polo Sur Latinoamericano, que es un laboratorio de formaci\u00f3n para<br>audiovisualistas de la Patagonia chileno argentina. Si bien la capacitaci\u00f3n se impartir\u00e1 en forma de<br>beca, quienes deseen participar deber\u00e1n inscribirse y para ello hay plazo hasta el 30 de junio.<br>\u201cA trav\u00e9s de la asociaci\u00f3n de audiovisualistas de Tierra del Fuego hemos hecho una importante<br>articulaci\u00f3n para la formaci\u00f3n de guionistas, directores o personas amateur que cuenten con un<br>tratamiento narrativo o guion para diversos formatos audiovisuales, que consiste en la asesor\u00eda<br>impartida por Natalia Ader, dise\u00f1adora y mag\u00edster, es docente de la c\u00e1tedra de Estructuras<br>Narrativas en la Licenciatura en Medios Audiovisuales de la Universidad Nacional de Tierra del<br>Fuego y guionista, quien vendr\u00e1 a desarrollar esta actividad en modalidad taller durante 3<br>jornadas\u201d.<br>EL laboratorio de asesor\u00eda y taller de escritura ser\u00e1 presencial y est\u00e1 dirigido a personas que<br>cuenten con un proyecto de largometraje, cortometraje o serie web, ya sea de ficci\u00f3n o<br>documental. La beca es personal e intransferible. Los requisitos de postulaci\u00f3n son ser guionista o<br>director\/a del proyecto quienes deben enviar el guion o tratamiento visual, sinopsis breve<br>(m\u00e1ximo 5 l\u00edneas) y un logline del proyecto. Incluir una carta de motivaci\u00f3n del director\/a<br>explicando el inter\u00e9s en participar en el F.A.R.O LAB.<br>Se seleccionar\u00e1n 6 participantes becados, incluyendo al menos un\/a postulante proveniente de la<br>Patagonia &#8211; Fueguina de Argentina. Al finalizar el laboratorio se entregar\u00e1 una certificaci\u00f3n, si se<br>presenta una versi\u00f3n mejorada del guion de acuerdo con la asesor\u00eda recibida. El laboratorio se<br>realizar\u00e1 los d\u00edas 26, 27 y 28 de agosto, entre las 09:30 y 13:00 Horas. La entrega de certificados<br>ser\u00e1 durante la ceremonia de clausura del Festival de Cine, el d\u00eda viernes 29 de agosto.<br>La convocatoria estar\u00e1 abierta hasta el d\u00eda lunes 30 de junio a las 22:00 horas (hora de Punta<br>Arenas). Los resultados ser\u00e1n notificados por correo. En caso de ser seleccionado\/a, se deber\u00e1<\/p>\n\n\n\n<p>firmar una carta de compromiso aceptando las condiciones del laboratorio. Si no hay respuesta<br>dentro de las 48 horas posteriores, el cupo ser\u00e1 asignado a otro postulante. No existe posibilidad<br>de apelaci\u00f3n ante la decisi\u00f3n de los organizadores.<br>El Festival es organizado por la Agrupaci\u00f3n Cultural Proa, y Karukinka Films junto con marcas<br>asociadas y en alianza con el Festival de Cine Internacional, Polo Sur Latinoamericano. Para<br>inscripciones las y los interesados deben seguir el siguiente enlace:<br>https:\/\/docs.google.com\/forms\/d\/e\/1FAIpQLScSdG5iZ7CSZUEQn-<br>extAFnYAgIDTeMy7rhAGgKxf09z7q_-g\/viewform?usp=header<\/p>\n","protected":false},"excerpt":{"rendered":"<p>Desde el 25 a 29 de agosto en el teatro municipal Jos\u00e9 Bohr de Punta Arenas se realizar\u00e1 delFestival de Cine Polo Sur Latinoamericano, instancia de car\u00e1cter social, art\u00edstica y&#8230; <a class=\"read-more\" href=\"https:\/\/www.radiopresidenteibanez.cl\/web\/convocan-a-creadores-audiovisuales-a-inscribirse-en-taller-de-guion\/\">Leer m\u00e1s<\/a><\/p>\n","protected":false},"author":2,"featured_media":57065,"comment_status":"closed","ping_status":"closed","sticky":false,"template":"","format":"standard","meta":{"footnotes":""},"categories":[1],"tags":[],"class_list":["post-57064","post","type-post","status-publish","format-standard","has-post-thumbnail","hentry","category-cronica"],"_links":{"self":[{"href":"https:\/\/www.radiopresidenteibanez.cl\/web\/wp-json\/wp\/v2\/posts\/57064","targetHints":{"allow":["GET"]}}],"collection":[{"href":"https:\/\/www.radiopresidenteibanez.cl\/web\/wp-json\/wp\/v2\/posts"}],"about":[{"href":"https:\/\/www.radiopresidenteibanez.cl\/web\/wp-json\/wp\/v2\/types\/post"}],"author":[{"embeddable":true,"href":"https:\/\/www.radiopresidenteibanez.cl\/web\/wp-json\/wp\/v2\/users\/2"}],"replies":[{"embeddable":true,"href":"https:\/\/www.radiopresidenteibanez.cl\/web\/wp-json\/wp\/v2\/comments?post=57064"}],"version-history":[{"count":0,"href":"https:\/\/www.radiopresidenteibanez.cl\/web\/wp-json\/wp\/v2\/posts\/57064\/revisions"}],"wp:featuredmedia":[{"embeddable":true,"href":"https:\/\/www.radiopresidenteibanez.cl\/web\/wp-json\/wp\/v2\/media\/57065"}],"wp:attachment":[{"href":"https:\/\/www.radiopresidenteibanez.cl\/web\/wp-json\/wp\/v2\/media?parent=57064"}],"wp:term":[{"taxonomy":"category","embeddable":true,"href":"https:\/\/www.radiopresidenteibanez.cl\/web\/wp-json\/wp\/v2\/categories?post=57064"},{"taxonomy":"post_tag","embeddable":true,"href":"https:\/\/www.radiopresidenteibanez.cl\/web\/wp-json\/wp\/v2\/tags?post=57064"}],"curies":[{"name":"wp","href":"https:\/\/api.w.org\/{rel}","templated":true}]}}