{"id":57061,"date":"2025-06-18T10:46:00","date_gmt":"2025-06-18T13:46:00","guid":{"rendered":"https:\/\/www.radiopresidenteibanez.cl\/web\/?p=57061"},"modified":"2025-06-18T10:39:28","modified_gmt":"2025-06-18T13:39:28","slug":"gasco-fortalece-mensajes-preventivos-con-lanzamiento-de-campana-en-puerto-natales","status":"publish","type":"post","link":"https:\/\/www.radiopresidenteibanez.cl\/web\/gasco-fortalece-mensajes-preventivos-con-lanzamiento-de-campana-en-puerto-natales\/","title":{"rendered":"GASCO fortalece mensajes preventivos con lanzamiento de campa\u00f1a en Puerto Natales"},"content":{"rendered":"\n<p>Junto a dirigentes vecinales, autoridades y representantes del Cuerpo de Bomberos, este martes 17 de junio, GASCO Magallanes realiz\u00f3, en Puerto Natales, el lanzamiento oficial de la Campa\u00f1a de Uso Seguro y Eficiente de la Energ\u00eda que tiene como objetivo generar conciencia entre las familias sobre acciones preventivas y el correcto mantenimiento y uso de artefactos a gas natural y gas licuado.<\/p>\n\n\n\n<p>As\u00ed lo destac\u00f3, Gonzalo Herrera, Gerente Comercial de GASCO quien junto con agradecer la asistencia al acto de lanzamiento, realiz\u00f3 una charla a los asistentes en la que se explic\u00f3 sobre la necesidad de realizar mantenimientos frecuentes a los artefactos con el prop\u00f3sito de evitar accidentes con el mon\u00f3xido de carbono.<\/p>\n\n\n\n<p>\u201cDesde hace muchos a\u00f1os, GASCO lleva adelante esta campa\u00f1a preventiva a trav\u00e9s de los medios de comunicaci\u00f3n y del contacto directo con los vecinos, enfocada en los meses de invierno, en los que se eleva significativamente el uso de la calefacci\u00f3n y emergencias relacionadas con el mon\u00f3xido de carbono\u201d, indic\u00f3 el ejecutivo.<\/p>\n\n\n\n<p>Sergio Ramirez, Comandante del Cuerpo de Bomberos de \u00daltima Esperanza, destac\u00f3 el permanente trabajo de coordinaci\u00f3n que se realiza con GASCO Magallanes, agregando que \u201chemos tenido muchos llamados en relaci\u00f3n al mon\u00f3xido de carbono, hemos tenido personas intoxicadas y procedimientos al que no est\u00e1bamos muy acostumbrados como natalinos y, por eso, valoramos mucho lo que hace GASCO, de trabajar en una campa\u00f1a preventiva.\u201d<\/p>\n\n\n\n<p>Sonia Caipill\u00e1n, Presidenta de la Junta de Vecinos N\u00ba24, explic\u00f3 que los dirigentes vecinales realizar\u00e1n reuniones ampliadas con los pobladores en las que se replicar\u00e1 la informaci\u00f3n de la campa\u00f1a preventiva. \u201cEs necesario&nbsp;para evitar accidentes, para saber como detectar una fuga de gas, para saber donde llamar\u201d, explic\u00f3 la dirigente.<\/p>\n\n\n\n<p>Hugo Ojeda, Administrador Municipal de la Municipalidad de Puerto Natales dijo que \u201cestamos muy contentos de poder participar de esta iniciativa y, por supuesto, vamos a apoyar en generar conciencia para que toda la comuna pueda adoptar las medidas necesarias para disminuir los incidentes con el mon\u00f3xido de carbono\u201d.<\/p>\n\n\n\n<p>Katherine Giddings, Presidenta de la Junta de Vecinos N\u00ba41 destac\u00f3 la implementaci\u00f3n de la campa\u00f1a preventiva se\u00f1alando que \u201cquiero agradecer la invitaci\u00f3n porque nosotros podemos replicar la informaci\u00f3n a nuestros vecinos, sobre los cuidados que se deben tener en el invierno, sobre todo con la ventilaci\u00f3n y el mon\u00f3xido de carbono\u201d.<\/p>\n\n\n\n<p>Finalmente, Ana Gaez, Presidenta de la Junta de Vecinos N\u00ba1 dijo que la inciativa der GASCO es \u201cdemasiado importante porque se han escuchado muchas fugas de gas y las personas no sabe qu\u00e9 hacer y se preocupan\u201d.<\/p>\n","protected":false},"excerpt":{"rendered":"<p>Junto a dirigentes vecinales, autoridades y representantes del Cuerpo de Bomberos, este martes 17 de junio, GASCO Magallanes realiz\u00f3, en Puerto Natales, el lanzamiento oficial de la Campa\u00f1a de Uso&#8230; <a class=\"read-more\" href=\"https:\/\/www.radiopresidenteibanez.cl\/web\/gasco-fortalece-mensajes-preventivos-con-lanzamiento-de-campana-en-puerto-natales\/\">Leer m\u00e1s<\/a><\/p>\n","protected":false},"author":2,"featured_media":57062,"comment_status":"closed","ping_status":"closed","sticky":false,"template":"","format":"standard","meta":{"footnotes":""},"categories":[1],"tags":[],"class_list":["post-57061","post","type-post","status-publish","format-standard","has-post-thumbnail","hentry","category-cronica"],"_links":{"self":[{"href":"https:\/\/www.radiopresidenteibanez.cl\/web\/wp-json\/wp\/v2\/posts\/57061","targetHints":{"allow":["GET"]}}],"collection":[{"href":"https:\/\/www.radiopresidenteibanez.cl\/web\/wp-json\/wp\/v2\/posts"}],"about":[{"href":"https:\/\/www.radiopresidenteibanez.cl\/web\/wp-json\/wp\/v2\/types\/post"}],"author":[{"embeddable":true,"href":"https:\/\/www.radiopresidenteibanez.cl\/web\/wp-json\/wp\/v2\/users\/2"}],"replies":[{"embeddable":true,"href":"https:\/\/www.radiopresidenteibanez.cl\/web\/wp-json\/wp\/v2\/comments?post=57061"}],"version-history":[{"count":0,"href":"https:\/\/www.radiopresidenteibanez.cl\/web\/wp-json\/wp\/v2\/posts\/57061\/revisions"}],"wp:featuredmedia":[{"embeddable":true,"href":"https:\/\/www.radiopresidenteibanez.cl\/web\/wp-json\/wp\/v2\/media\/57062"}],"wp:attachment":[{"href":"https:\/\/www.radiopresidenteibanez.cl\/web\/wp-json\/wp\/v2\/media?parent=57061"}],"wp:term":[{"taxonomy":"category","embeddable":true,"href":"https:\/\/www.radiopresidenteibanez.cl\/web\/wp-json\/wp\/v2\/categories?post=57061"},{"taxonomy":"post_tag","embeddable":true,"href":"https:\/\/www.radiopresidenteibanez.cl\/web\/wp-json\/wp\/v2\/tags?post=57061"}],"curies":[{"name":"wp","href":"https:\/\/api.w.org\/{rel}","templated":true}]}}