{"id":57056,"date":"2025-06-18T08:47:00","date_gmt":"2025-06-18T11:47:00","guid":{"rendered":"https:\/\/www.radiopresidenteibanez.cl\/web\/?p=57056"},"modified":"2025-06-18T08:16:16","modified_gmt":"2025-06-18T11:16:16","slug":"boletin-informativo-orbe-37","status":"publish","type":"post","link":"https:\/\/www.radiopresidenteibanez.cl\/web\/boletin-informativo-orbe-37\/","title":{"rendered":"BOLETIN INFORMATIVO ORBE"},"content":{"rendered":"\n<p>SANTIAGO.- El Gobierno de Chile determin\u00f3, ante la escalada<br>de ataques de Israel contra Ir\u00e1n, e evacuar a su personal<br>diplom\u00e1tico de Teher\u00e1n, dejando \u00fanicamente al encargado de<br>negocios de Chile en el territorio. Esto, luego de que l<br>Gobierno de Benjamin Netanyahu emprendiera un in\u00e9dito<br>bombardeo a objetivos militares que el mandatario iran\u00ed,<br>Masud Pezeshkian, ha respondido.<\/p>\n\n\n\n<p>SANTIAGO.- El Ministerio de Relaciones Exteriores precis\u00f3, en<br>un comunicado, que \u00abel encargado de negocios de Chile en Ir\u00e1n<br>sigue en Teher\u00e1n\u00bb y que \u00abhace tiempo nuestro pa\u00eds no cuenta<br>con embajador en Ir\u00e1n. En tanto, detall\u00f3 que un funcionario<br>profesional de la Canciller\u00eda que se encuentra destinado en<br>ese pa\u00eds, fue evacuado por tierra junto a su familia. Nuestra<br>misi\u00f3n se cerr\u00f3 temporalmente ante las actuales condiciones<br>de seguridad\u00bb, confirm\u00f3.<\/p>\n\n\n\n<p>SANTIAGO.- El gobernador metropolitano, Claudio Orrego,<br>declar\u00f3 como imputado en la Fiscal\u00eda Oriente, en el marco de<br>la causa derivada de un informe de Contralor\u00eda, que advirti\u00f3<br>un eventual mal uso de fondos del GORE en beneficio de su<br>campa\u00f1a a la reelecci\u00f3n. Orrego, al salir, dijo que \u00abnuestra<br>voluntad es colaborar con absoluta disposici\u00f3n, tanto con la<br>Contralor\u00eda como con el Ministerio P\u00fablico, para esclarecer<br>todo lo relativo al informe de la primera\u00bb.<\/p>\n\n\n\n<p>SANTIAGO.- La autoridad a\u00f1adi\u00f3 que \u00abpor eso vine<br>voluntariamente a declarar, y entregu\u00e9 un conjunto de<br>antecedentes que, esperamos, puedan demostrar a la brevedad<br>que siempre hemos actuado correctamente y con apego a<br>derecho\u00bb. Adem\u00e1s, reafirm\u00f3 que \u00abno se ha destinado nig\u00fan peso<br>p\u00fablico al financiamiento de mi campa\u00f1a, la cual financi\u00e9 con<br>pr\u00e9stamos p\u00fablicos, que fueron debidamente rendidos ante el<br>Servel\u00bb, afirm\u00f3.<\/p>\n\n\n\n<p>VALPARAISO.- La C\u00e1mara de Diputados aprob\u00f3, con 122 votos a<br>favor, 15 en contra y 2 abstenciones, el informe elaborado<br>por la comisi\u00f3n mixta respecto al proyecto de fraccionamiento<br>pesquero, el cual resolvi\u00f3 las diferencias entre la C\u00e1mara y<br>el Senado en torno a la distribuci\u00f3n de la cuota de merluza y<br>el sistema de financiamiento. Luego, el proyecto ser\u00e1<br>sometido a votaci\u00f3n por el senado.<\/p>\n\n\n\n<p>VALPARAISO.- Tras una tensa discusi\u00f3n, la comisi\u00f3n mixta<br>defini\u00f3 que, en caso de que la cuota global de captura anual<br>sea igual o inferior a 35 mil 20 toneladas, el<br>fraccionamiento ser\u00e1 de un 45 por ciento para el sector<br>artesanal y un 55 por ciento para el industrial. En tanto, si<br>la cuota global fijada para un a\u00f1o supera las 35 mil 20<br>toneladas, el excedente se destinar\u00e1 \u00edntegramente al sector<br>artesanal, con un tope de 50 por ciento para cada sector.<\/p>\n\n\n\n<p>VALPARAISO.- Sobre el financiamiento, el informe establece la<br>creaci\u00f3n de una patente especial de 1,3 UTM por tonelada para<br>la pesca industrial, aplicable cuando se obtenga cuota de<br>jurel asignada por otro pa\u00eds. Adem\u00e1s, se fij\u00f3 una cuota sobre<br>el besugo, especie que constituye fauna acompa\u00f1ante de la<br>merluza com\u00fan y cuya extracci\u00f3n es de car\u00e1cter industrial<br>debido a la profundidad a la que se encuentra el recurso.<\/p>\n","protected":false},"excerpt":{"rendered":"<p>SANTIAGO.- El Gobierno de Chile determin\u00f3, ante la escaladade ataques de Israel contra Ir\u00e1n, e evacuar a su personaldiplom\u00e1tico de Teher\u00e1n, dejando \u00fanicamente al encargado denegocios de Chile en el&#8230; <a class=\"read-more\" href=\"https:\/\/www.radiopresidenteibanez.cl\/web\/boletin-informativo-orbe-37\/\">Leer m\u00e1s<\/a><\/p>\n","protected":false},"author":2,"featured_media":57057,"comment_status":"closed","ping_status":"closed","sticky":false,"template":"","format":"standard","meta":{"footnotes":""},"categories":[1],"tags":[],"class_list":["post-57056","post","type-post","status-publish","format-standard","has-post-thumbnail","hentry","category-cronica"],"_links":{"self":[{"href":"https:\/\/www.radiopresidenteibanez.cl\/web\/wp-json\/wp\/v2\/posts\/57056","targetHints":{"allow":["GET"]}}],"collection":[{"href":"https:\/\/www.radiopresidenteibanez.cl\/web\/wp-json\/wp\/v2\/posts"}],"about":[{"href":"https:\/\/www.radiopresidenteibanez.cl\/web\/wp-json\/wp\/v2\/types\/post"}],"author":[{"embeddable":true,"href":"https:\/\/www.radiopresidenteibanez.cl\/web\/wp-json\/wp\/v2\/users\/2"}],"replies":[{"embeddable":true,"href":"https:\/\/www.radiopresidenteibanez.cl\/web\/wp-json\/wp\/v2\/comments?post=57056"}],"version-history":[{"count":0,"href":"https:\/\/www.radiopresidenteibanez.cl\/web\/wp-json\/wp\/v2\/posts\/57056\/revisions"}],"wp:featuredmedia":[{"embeddable":true,"href":"https:\/\/www.radiopresidenteibanez.cl\/web\/wp-json\/wp\/v2\/media\/57057"}],"wp:attachment":[{"href":"https:\/\/www.radiopresidenteibanez.cl\/web\/wp-json\/wp\/v2\/media?parent=57056"}],"wp:term":[{"taxonomy":"category","embeddable":true,"href":"https:\/\/www.radiopresidenteibanez.cl\/web\/wp-json\/wp\/v2\/categories?post=57056"},{"taxonomy":"post_tag","embeddable":true,"href":"https:\/\/www.radiopresidenteibanez.cl\/web\/wp-json\/wp\/v2\/tags?post=57056"}],"curies":[{"name":"wp","href":"https:\/\/api.w.org\/{rel}","templated":true}]}}