{"id":57053,"date":"2025-06-18T09:39:00","date_gmt":"2025-06-18T12:39:00","guid":{"rendered":"https:\/\/www.radiopresidenteibanez.cl\/web\/?p=57053"},"modified":"2025-06-18T08:07:10","modified_gmt":"2025-06-18T11:07:10","slug":"anuncian-fechas-y-novedades-de-expo-chile-agricola-2025","status":"publish","type":"post","link":"https:\/\/www.radiopresidenteibanez.cl\/web\/anuncian-fechas-y-novedades-de-expo-chile-agricola-2025\/","title":{"rendered":"Anuncian fechas y novedades de Expo Chile Agr\u00edcola 2025"},"content":{"rendered":"\n<p>Expo Chile Agr\u00edcola, el evento de capacitaci\u00f3n m\u00e1s grande de Chile, 100% gratuito y para todo p\u00fablico, este a\u00f1o se realizar\u00e1 los d\u00edas 5 y 6 de noviembre de forma completamente online, a trav\u00e9s de su sitio web&nbsp;<a href=\"http:\/\/www.expochileagricola.cl\/\" target=\"_blank\" rel=\"noreferrer noopener\">www.expochileagricola.cl<\/a>, ofreciendo a agricultores y agricultoras de todo el pa\u00eds m\u00e1s de 100 actividades de capacitaci\u00f3n sobre temas clave relacionados con el desarrollo de la agricultura y el mundo rural del pa\u00eds, teniendo como principal novedad la inteligencia artificial aplicada al agro.<\/p>\n\n\n\n<p>El encuentro oficial del agro, organizado por el Ministerio de Agricultura a trav\u00e9s de la Fundaci\u00f3n de Comunicaciones, Capacitaci\u00f3n y Cultura del Agro (FUCOA), contar\u00e1 como siempre con la participaci\u00f3n de todos los servicios del agro, la academia, organismos internacionales y otras instituciones vinculadas al sector silvoagropecuario.<\/p>\n\n\n\n<p>El ministro de Agricultura, Esteban Valenzuela, destac\u00f3 que \u201cesta versi\u00f3n de Expo Chile Agr\u00edcola 2025 ser\u00e1 completamente online, de manera que todos los diversos seminarios y charlas gratuitas que se desarrollan estar\u00e1n disponibles para todo Chile y el mundo. En estos tiempos, la capacitaci\u00f3n y actualizaci\u00f3n de conocimientos y el intercambio de experiencias en torno a la agricultura son clave para el desarrollo de la peque\u00f1a y mediana agricultura de nuestro pa\u00eds y por ello, este encuentro es tan importante, porque re\u00fane en un solo lugar y durante dos jornadas a todos los servicios del ministerio, universidades, organismos internacionales y otros colaboradores, al servicio de nuestros usuarios y usuarias\u201d.<br><\/p>\n\n\n\n<p>Por su parte, el director ejecutivo de FUCOA, Claudio Urtubia, se\u00f1al\u00f3 que \u201cesta Expo Chile Agr\u00edcola 100 % online contar\u00e1 con un tema muy relevante hoy en d\u00eda, como lo es la inteligencia artificial en sus distintas aplicaciones y beneficios para la agricultura, adem\u00e1s de todos los temas que forman parte de los lineamientos estrat\u00e9gicos ministeriales. Como FUCOA, estamos comprometidos con seguir ofreciendo al p\u00fablico un evento como este, totalmente gratuito, de capacitaci\u00f3n, actualizaci\u00f3n e informaci\u00f3n al servicio de la agricultura y el mundo rural de nuestro pa\u00eds, que es nuestro principal foco\u201d.<\/p>\n\n\n\n<p>Junto con la inteligencia artificial, los seminarios y charlas de Expo Chile Agr\u00edcola 2025 estar\u00e1n centrados en temas clave para la agricultura, como la seguridad y soberan\u00eda alimentaria, con foco en la agricultura familiar campesina y el patrimonio alimentario; agua y emergencia clim\u00e1tica; sanidad animal y vegetal, incluyendo control de plagas y enfermedades, apicultura y otros rubros; sustentabilidad y agroecolog\u00eda, entre otros.<\/p>\n\n\n\n<p>Por otro lado, adem\u00e1s de una programaci\u00f3n de charlas online, la plataforma web contar\u00e1 con perfiles virtuales de instituciones y empresas participantes, as\u00ed como la se\u00f1al Expo TV, con entrevistas, presentaciones en vivo, talleres, shows art\u00edsticos y otros contenidos de inter\u00e9s.<\/p>\n\n\n\n<p>M\u00e1s detalles de Expo Chile Agr\u00edcola 2025 ya est\u00e1n disponibles en&nbsp;<a href=\"http:\/\/www.expochileagricola.cl\/\" target=\"_blank\" rel=\"noreferrer noopener\">www.expochileagricola.cl<\/a>, donde pr\u00f3ximamente los interesados e interesadas podr\u00e1n inscribirse gratuitamente, adem\u00e1s de revisar el programa de actividades 100% online de esta nueva versi\u00f3n de uno de los principales eventos del agro chileno.<\/p>\n","protected":false},"excerpt":{"rendered":"<p>Expo Chile Agr\u00edcola, el evento de capacitaci\u00f3n m\u00e1s grande de Chile, 100% gratuito y para todo p\u00fablico, este a\u00f1o se realizar\u00e1 los d\u00edas 5 y 6 de noviembre de forma&#8230; <a class=\"read-more\" href=\"https:\/\/www.radiopresidenteibanez.cl\/web\/anuncian-fechas-y-novedades-de-expo-chile-agricola-2025\/\">Leer m\u00e1s<\/a><\/p>\n","protected":false},"author":2,"featured_media":57054,"comment_status":"closed","ping_status":"closed","sticky":false,"template":"","format":"standard","meta":{"footnotes":""},"categories":[1],"tags":[],"class_list":["post-57053","post","type-post","status-publish","format-standard","has-post-thumbnail","hentry","category-cronica"],"_links":{"self":[{"href":"https:\/\/www.radiopresidenteibanez.cl\/web\/wp-json\/wp\/v2\/posts\/57053","targetHints":{"allow":["GET"]}}],"collection":[{"href":"https:\/\/www.radiopresidenteibanez.cl\/web\/wp-json\/wp\/v2\/posts"}],"about":[{"href":"https:\/\/www.radiopresidenteibanez.cl\/web\/wp-json\/wp\/v2\/types\/post"}],"author":[{"embeddable":true,"href":"https:\/\/www.radiopresidenteibanez.cl\/web\/wp-json\/wp\/v2\/users\/2"}],"replies":[{"embeddable":true,"href":"https:\/\/www.radiopresidenteibanez.cl\/web\/wp-json\/wp\/v2\/comments?post=57053"}],"version-history":[{"count":0,"href":"https:\/\/www.radiopresidenteibanez.cl\/web\/wp-json\/wp\/v2\/posts\/57053\/revisions"}],"wp:featuredmedia":[{"embeddable":true,"href":"https:\/\/www.radiopresidenteibanez.cl\/web\/wp-json\/wp\/v2\/media\/57054"}],"wp:attachment":[{"href":"https:\/\/www.radiopresidenteibanez.cl\/web\/wp-json\/wp\/v2\/media?parent=57053"}],"wp:term":[{"taxonomy":"category","embeddable":true,"href":"https:\/\/www.radiopresidenteibanez.cl\/web\/wp-json\/wp\/v2\/categories?post=57053"},{"taxonomy":"post_tag","embeddable":true,"href":"https:\/\/www.radiopresidenteibanez.cl\/web\/wp-json\/wp\/v2\/tags?post=57053"}],"curies":[{"name":"wp","href":"https:\/\/api.w.org\/{rel}","templated":true}]}}