{"id":57050,"date":"2025-06-18T08:01:50","date_gmt":"2025-06-18T11:01:50","guid":{"rendered":"https:\/\/www.radiopresidenteibanez.cl\/web\/?p=57050"},"modified":"2025-06-18T08:02:13","modified_gmt":"2025-06-18T11:02:13","slug":"becas-tic-un-aporte-al-logro-de-los-aprendizajes","status":"publish","type":"post","link":"https:\/\/www.radiopresidenteibanez.cl\/web\/becas-tic-un-aporte-al-logro-de-los-aprendizajes\/","title":{"rendered":"Becas TIC: Un aporte al logro de los aprendizajes"},"content":{"rendered":"\n<p>Este lunes, 16 de junio, la Junta Nacional de Auxilio Escolar y<br>Becas, Junaeb, organismo dependiente del Ministerio de Educaci\u00f3n, hizo entrega de 865<br>computadores ultra portables, con un plan de Internet M\u00f3vil por 10 meses, lo que permitir\u00e1 a<br>las y los estudiantes, cumplir con su rutina de tareas, de manera actualizada y con total<br>autonom\u00eda.<br>El acto de entrega se llev\u00f3 a cabo en el gimnasio del Liceo Sara Braun y fue encabezado<br>por el delegado presidencial regional, Jos\u00e9 Ruiz Pivcevic, el seremi de Educaci\u00f3n, Valent\u00edn<br>Aguilera G\u00f3mez, la directora regional de Junaeb, Natacha Carrasco Salinas y el director<br>ejecutivo subrogante del Slep Magallanes, Jorge Vald\u00e9s Orostica, quienes compartieron la<br>alegr\u00eda de ni\u00f1os y ni\u00f1as, junto a sus familias.<br>El delegado presidencial regional, Jorge Ruiz Pivcecvic mostr\u00f3 su satisfacci\u00f3n al \u201cpoder<br>colaborar con esta herramienta para el desarrollo escolar\u201d, lo que fue concretado en<br>Porvenir el 09 de junio (81 equipos), en Natales el 12 junio (206 equipos) y ahora en Punta<br>Arenas (865 equipos), con lo que solamente quedar\u00eda pendiente la entrega de 37<br>computadores, que se efectuar\u00e1 en Cabo de Hornos, en fecha a definir.<br>Por su parte, el seremi de Educaci\u00f3n, Valent\u00edn Aguilera G\u00f3mez, indic\u00f3 que los equipos<br>cuentan con garant\u00eda y con 65 programas educativos precargados, incluido un enlace a la<br>Biblioteca Nacional y otras herramientas que est\u00e1n a disposici\u00f3n de los estudiantes.<br>Asimismo, coment\u00f3: \u201cReci\u00e9n estuvimos compartiendo con estudiantes de la comuna de San<br>Gregorio, de la Escuela de Villa Punta del Delgada y estamos muy contentos porque gracias<br>a la conectividad a internet y a la tecnolog\u00eda que se entrega, avanzamos con un sentido de<br>descentralizaci\u00f3n y de justicia territorial\u201d.<br>La directora regional de Junaeb, Natacha Carrasco Salinas, explic\u00f3 que \u201cesta entrega de<br>computadores se enmarca en lo que nosotros program\u00e1ticamente llamamos beca TIC,<br>dirigida a estudiantes del s\u00e9ptimo a\u00f1o b\u00e1sico de todos los establecimientos p\u00fablicos y<br>aquellos que pertenecen al Registro Social de Hogares dentro del 40% y unas variables de<br>prelaci\u00f3n de establecimientos particulares subvencionados\u201d.<br>Para el alumno Juan Andrade Torres, de la Escuela Villa Las Nieves: \u201ca veces falta la plata<br>para comprar un compu. A m\u00ed me gusta harto estudiar y a veces cuesta sin computadores o<br>celulares y bueno, esta oportunidad que da Junaeb me alegra mucho\u201d. En tanto que<br>Maximiliano Alexander Mu\u00f1oz, estudiante del Colegio Franc\u00e9s, afirm\u00f3 emocionado: \u201cA m\u00ed<br>me hace muy feliz porque no ten\u00eda esta oportunidad y pienso que es muy bueno que<br>ayuden a los ni\u00f1os\u201d.<br>\u201cEsta es una iniciativa muy importante, entonces agradecemos a Junaeb por la entrega de<br>los computadores que son m\u00e1s de 1000 para la regi\u00f3n y que impactan de lleno en todos los<br>establecimientos del territorio que comprende el Servicio Local de Educaci\u00f3n P\u00fablica<br>Magallanes\u201d, expres\u00f3 el director ejecutivo subrogante del Slep Magallanes, Jorge Vald\u00e9s<br>Orostica.<br>La alegr\u00eda masiva que se ha desplegado en gimnasios de distintas locaciones en el mapa<br>de la regi\u00f3n es, sin duda, una gran contribuci\u00f3n al logro de los aprendizajes en las<br>trayectorias educativas de las y los estudiantes, que hoy acceden a la inclusi\u00f3n digital en el<br>\u00e1mbito de las Tecnolog\u00edas de la Informaci\u00f3n y la Comunicaci\u00f3n.<\/p>\n","protected":false},"excerpt":{"rendered":"<p>Este lunes, 16 de junio, la Junta Nacional de Auxilio Escolar yBecas, Junaeb, organismo dependiente del Ministerio de Educaci\u00f3n, hizo entrega de 865computadores ultra portables, con un plan de Internet&#8230; <a class=\"read-more\" href=\"https:\/\/www.radiopresidenteibanez.cl\/web\/becas-tic-un-aporte-al-logro-de-los-aprendizajes\/\">Leer m\u00e1s<\/a><\/p>\n","protected":false},"author":2,"featured_media":57051,"comment_status":"closed","ping_status":"closed","sticky":false,"template":"","format":"standard","meta":{"footnotes":""},"categories":[1],"tags":[],"class_list":["post-57050","post","type-post","status-publish","format-standard","has-post-thumbnail","hentry","category-cronica"],"_links":{"self":[{"href":"https:\/\/www.radiopresidenteibanez.cl\/web\/wp-json\/wp\/v2\/posts\/57050","targetHints":{"allow":["GET"]}}],"collection":[{"href":"https:\/\/www.radiopresidenteibanez.cl\/web\/wp-json\/wp\/v2\/posts"}],"about":[{"href":"https:\/\/www.radiopresidenteibanez.cl\/web\/wp-json\/wp\/v2\/types\/post"}],"author":[{"embeddable":true,"href":"https:\/\/www.radiopresidenteibanez.cl\/web\/wp-json\/wp\/v2\/users\/2"}],"replies":[{"embeddable":true,"href":"https:\/\/www.radiopresidenteibanez.cl\/web\/wp-json\/wp\/v2\/comments?post=57050"}],"version-history":[{"count":0,"href":"https:\/\/www.radiopresidenteibanez.cl\/web\/wp-json\/wp\/v2\/posts\/57050\/revisions"}],"wp:featuredmedia":[{"embeddable":true,"href":"https:\/\/www.radiopresidenteibanez.cl\/web\/wp-json\/wp\/v2\/media\/57051"}],"wp:attachment":[{"href":"https:\/\/www.radiopresidenteibanez.cl\/web\/wp-json\/wp\/v2\/media?parent=57050"}],"wp:term":[{"taxonomy":"category","embeddable":true,"href":"https:\/\/www.radiopresidenteibanez.cl\/web\/wp-json\/wp\/v2\/categories?post=57050"},{"taxonomy":"post_tag","embeddable":true,"href":"https:\/\/www.radiopresidenteibanez.cl\/web\/wp-json\/wp\/v2\/tags?post=57050"}],"curies":[{"name":"wp","href":"https:\/\/api.w.org\/{rel}","templated":true}]}}