{"id":57046,"date":"2025-06-17T17:49:00","date_gmt":"2025-06-17T20:49:00","guid":{"rendered":"https:\/\/www.radiopresidenteibanez.cl\/web\/?p=57046"},"modified":"2025-06-17T11:45:01","modified_gmt":"2025-06-17T14:45:01","slug":"delegacion-presidencial-de-ultima-esperanza-rinde-cuenta-publica-2025-con-enfoque-participativo-y-enfasis-en-obras-concretas-para-la-comunidad","status":"publish","type":"post","link":"https:\/\/www.radiopresidenteibanez.cl\/web\/delegacion-presidencial-de-ultima-esperanza-rinde-cuenta-publica-2025-con-enfoque-participativo-y-enfasis-en-obras-concretas-para-la-comunidad\/","title":{"rendered":"DELEGACION PRESIDENCIAL DE \u00daLTIMA ESPERANZA RINDE CUENTA P\u00daBLICA 2025 CON ENFOQUE PARTICIPATIVO Y \u00c9NFASIS EN OBRAS CONCRETAS PARA LA COMUNIDAD"},"content":{"rendered":"\n<p>Con una masiva participaci\u00f3n ciudadana y una clara vocaci\u00f3n de transparencia, la Delegaci\u00f3n Presidencial Provincial de \u00daltima Esperanza, encabezada por el delegado Guillermo Ruiz Santana, realiz\u00f3 este lunes la Cuenta P\u00fablica Participativa 2025, en dependencias del Club Deportivo Natales. La jornada fue valorada por vecinos, vecinas, autoridades y representantes de servicios p\u00fablicos, quienes reconocieron los importantes avances impulsados por el Gobierno del presidente Gabriel Boric en la provincia.<\/p>\n\n\n\n<p>Durante la actividad, el delegado present\u00f3 los principales hitos y proyectos desarrollados en \u00daltima Esperanza, destacando iniciativas en infraestructura vial, salud, seguridad, vivienda, agricultura sostenible y cuidado comunitario, entre otros. Entre las obras m\u00e1s reconocidas por la comunidad se mencionaron: el avance en la pavimentaci\u00f3n del complejo Casas Viejas, la ejecuci\u00f3n de la ruta I-150 y el sector Tres Pasos, el recapado asf\u00e1ltico en Llanuras de Diana, la habilitaci\u00f3n de la pista de viraje en calle Libertad, as\u00ed como la implementaci\u00f3n del Centro Comunitario de Cuidados de Cerro Castillo y la llegada del Centro de Formaci\u00f3n T\u00e9cnica de Magallanes a Puerto Natales.<\/p>\n\n\n\n<p>\u201cHa sido una instancia enriquecedora. No solo presentamos la cuenta p\u00fablica, sino que promovimos el di\u00e1logo, escuchamos las inquietudes de la comunidad y recogimos sus propuestas. Como gobierno, valoramos profundamente esta participaci\u00f3n activa de nuestros vecinos y vecinas\u201d, se\u00f1al\u00f3 el delegado Guillermo Ruiz Santana, quien tambi\u00e9n destac\u00f3 la ejecuci\u00f3n de programas como el APS Universal en salud, el Plan Esperanza en Cerro Castillo, el fortalecimiento de la seguridad p\u00fablica con nuevos veh\u00edculos policiales, y el acompa\u00f1amiento al sector agr\u00edcola con apoyo directo a productores y productoras a trav\u00e9s de INDAP.<\/p>\n\n\n\n<p>La jornada contempl\u00f3 un espacio de di\u00e1logo participativo, en el cual las y los asistentes trabajaron en mesas tem\u00e1ticas sobre seguridad p\u00fablica, sistema nacional de cuidados, obras p\u00fablicas, entre otros temas. Posteriormente, las propuestas y prioridades comunitarias fueron compartidas en un plenario, evidenciando el inter\u00e9s ciudadano por seguir construyendo un territorio con equidad y desarrollo.<\/p>\n\n\n\n<p>El seremi de Obras P\u00fablicas, Jos\u00e9 Luis Hern\u00e1ndez, felicit\u00f3 al delegado por la instancia: \u201cFue una de las mejores cuentas p\u00fablicas en las que he participado. La metodolog\u00eda, el enfoque y la cercan\u00eda con la gente reflejan el compromiso del gobierno con los territorios. Como MOP nos sentimos parte de este proceso, con obras como la avenida \u00daltima Esperanza y la calle Libertad, que est\u00e1n mejorando la calidad de vida en la provincia\u201d.<\/p>\n\n\n\n<p>En tanto, la seremi de Agricultura, Irene Ram\u00edrez, valor\u00f3 el enfoque territorial de la rendici\u00f3n de cuentas, destacando los avances del programa de transici\u00f3n hacia una agricultura sostenible, la instalaci\u00f3n de estaciones meteorol\u00f3gicas y las ayudas articuladas con el Gobierno Regional para el sector pecuario: \u201cEsta cuenta p\u00fablica aterriz\u00f3 de forma clara las acciones del gobierno en la provincia, y tambi\u00e9n nos dej\u00f3 tareas para seguir fortaleciendo el trabajo con la comunidad\u201d.<\/p>\n\n\n\n<p>Desde la sociedad civil, tambi\u00e9n hubo palabras de reconocimiento. La presidenta de la Junta de Vecinos N\u00b011 Huertos Familiares, Jacqueline Palma, afirm\u00f3 que \u201cse agradecen estos espacios porque permiten el di\u00e1logo directo con la autoridad y conocer los avances, especialmente en obras p\u00fablicas, que han sido numerosos y beneficiosos para toda la comunidad\u201d.<\/p>\n\n\n\n<p>Por su parte, la docente Gladys Elgueta valor\u00f3 la cercan\u00eda y la transparencia del ejercicio: \u201cFelicitaciones por la claridad, el compromiso y la mirada de futuro. Hoy salgo contenta de ver todo lo que se ha hecho por nuestra provincia, con hechos concretos, no solo palabras\u201d.<\/p>\n\n\n\n<p>Finalmente, Lino Seguel, usuario del Condominio de Viviendas Tuteladas I, manifest\u00f3: \u201cLos proyectos que se presentaron est\u00e1n muy buenos, especialmente para nosotros los adultos mayores. Se agradece que nos consideren\u201d.<\/p>\n\n\n\n<p>La Cuenta P\u00fablica 2025 de la Delegaci\u00f3n Presidencial Provincial de \u00daltima Esperanza reflej\u00f3 no solo el trabajo desarrollado durante el \u00faltimo a\u00f1o, sino tambi\u00e9n el compromiso de seguir avanzando hasta el \u00faltimo d\u00eda de gobierno, con un enfoque de gesti\u00f3n territorial, participaci\u00f3n ciudadana y respuesta concreta a las necesidades de la comunidad.<\/p>\n","protected":false},"excerpt":{"rendered":"<p>Con una masiva participaci\u00f3n ciudadana y una clara vocaci\u00f3n de transparencia, la Delegaci\u00f3n Presidencial Provincial de \u00daltima Esperanza, encabezada por el delegado Guillermo Ruiz Santana, realiz\u00f3 este lunes la Cuenta&#8230; <a class=\"read-more\" href=\"https:\/\/www.radiopresidenteibanez.cl\/web\/delegacion-presidencial-de-ultima-esperanza-rinde-cuenta-publica-2025-con-enfoque-participativo-y-enfasis-en-obras-concretas-para-la-comunidad\/\">Leer m\u00e1s<\/a><\/p>\n","protected":false},"author":2,"featured_media":57047,"comment_status":"closed","ping_status":"closed","sticky":false,"template":"","format":"standard","meta":{"footnotes":""},"categories":[1],"tags":[],"class_list":["post-57046","post","type-post","status-publish","format-standard","has-post-thumbnail","hentry","category-cronica"],"_links":{"self":[{"href":"https:\/\/www.radiopresidenteibanez.cl\/web\/wp-json\/wp\/v2\/posts\/57046","targetHints":{"allow":["GET"]}}],"collection":[{"href":"https:\/\/www.radiopresidenteibanez.cl\/web\/wp-json\/wp\/v2\/posts"}],"about":[{"href":"https:\/\/www.radiopresidenteibanez.cl\/web\/wp-json\/wp\/v2\/types\/post"}],"author":[{"embeddable":true,"href":"https:\/\/www.radiopresidenteibanez.cl\/web\/wp-json\/wp\/v2\/users\/2"}],"replies":[{"embeddable":true,"href":"https:\/\/www.radiopresidenteibanez.cl\/web\/wp-json\/wp\/v2\/comments?post=57046"}],"version-history":[{"count":0,"href":"https:\/\/www.radiopresidenteibanez.cl\/web\/wp-json\/wp\/v2\/posts\/57046\/revisions"}],"wp:featuredmedia":[{"embeddable":true,"href":"https:\/\/www.radiopresidenteibanez.cl\/web\/wp-json\/wp\/v2\/media\/57047"}],"wp:attachment":[{"href":"https:\/\/www.radiopresidenteibanez.cl\/web\/wp-json\/wp\/v2\/media?parent=57046"}],"wp:term":[{"taxonomy":"category","embeddable":true,"href":"https:\/\/www.radiopresidenteibanez.cl\/web\/wp-json\/wp\/v2\/categories?post=57046"},{"taxonomy":"post_tag","embeddable":true,"href":"https:\/\/www.radiopresidenteibanez.cl\/web\/wp-json\/wp\/v2\/tags?post=57046"}],"curies":[{"name":"wp","href":"https:\/\/api.w.org\/{rel}","templated":true}]}}