{"id":56931,"date":"2025-06-12T09:39:00","date_gmt":"2025-06-12T12:39:00","guid":{"rendered":"https:\/\/www.radiopresidenteibanez.cl\/web\/?p=56931"},"modified":"2025-06-12T08:54:03","modified_gmt":"2025-06-12T11:54:03","slug":"diputado-matheson-pide-al-ejecutivo-ponerle-urgencia-a-proyecto-de-ley-que-agrava-sanciones-contra-quienes-agredan-a-personal-de-emergencia","status":"publish","type":"post","link":"https:\/\/www.radiopresidenteibanez.cl\/web\/diputado-matheson-pide-al-ejecutivo-ponerle-urgencia-a-proyecto-de-ley-que-agrava-sanciones-contra-quienes-agredan-a-personal-de-emergencia\/","title":{"rendered":"Diputado Matheson pide al Ejecutivo ponerle urgencia a proyecto de ley que agrava sanciones contra quienes agredan a personal de emergencia"},"content":{"rendered":"\n<p>Luego de que seis funcionarios del SAR Dr. Juan Damianovic resultaron con lesiones tras ser agredidos por una paciente en la madrugada de este lunes, el diputado Christian Matheson hizo un llamado al gobierno a ponerle urgencia al proyecto de ley de su autor\u00eda, que busca endurecer las sanciones a quienes agredan a miembros de los Cuerpos de Bomberos, servicios de urgencias y emergencias, como as\u00ed tambi\u00e9n a fiscales del Ministerio P\u00fablico y Gendarmer\u00eda de Chile.<\/p>\n\n\n\n<p>Al respecto, el legislador coment\u00f3 que \u201ccada vez se ha hecho m\u00e1s com\u00fan que personal de centros de salud sean agredidos, ya sea por usuarios del sistema, como tambi\u00e9n por pandillas, que en algunos casos tratan de ultimar a sus v\u00edctimas al interior del centro asistencial, agrediendo de paso, a funcionarios de la salud para lograr su cometido\u201d.<\/p>\n\n\n\n<p>Matheson agreg\u00f3 que \u201cdesde el denominado estallido social, se ha vuelto un fen\u00f3meno frecuente en Chile el maltrato y las agresiones dirigidas, especialmente, en contra de nuestros servidores p\u00fablicos. El panorama nacional est\u00e1 pasando por un punto de inflexi\u00f3n, siendo urgente establecer, mediante un trabajo activo y garant\u00edas legales, cu\u00e1l es el trato que queremos otorgarle a quienes prestan servicios en beneficio y resguardo de la comunidad\u201d.<\/p>\n\n\n\n<p>El diputado tambi\u00e9n se\u00f1al\u00f3 que \u201ccomo legisladores, es nuestro deber modificar nuestra legislaci\u00f3n para proteger al personal de urgencia y emergencia, miembros de los Cuerpos de Bomberos, fiscales y gendarmes, en atenci\u00f3n a que resulta evidente el mayor desvalor en la conducta que supone el obst\u00e1culo o intimidaci\u00f3n hacia estas personas durante el ejercicio de sus indispensables labores\u201d.<\/p>\n\n\n\n<p>Por \u00faltimo, Matheson apunt\u00f3 a que se hace necesario \u201cgenerar un efecto disuasivo para quienes pretenden aprovecharse de la ostensible normalizaci\u00f3n de ataques a los servidores p\u00fablicos, persigui\u00e9ndose con ello terminar con la percepci\u00f3n de debilidad y ausencia de consecuencias que parece existir en los tiempos presentes, para de esta forma entregar apoyo tangible a quienes d\u00eda a d\u00eda arriesgan sus vidas por los chilenos, velando por su seguridad, cuidado y protecci\u00f3n, y para eso, necesitamos que el Ejecutivo califique con urgencia su tramitaci\u00f3n en la C\u00e1mara\u201d.<\/p>\n","protected":false},"excerpt":{"rendered":"<p>Luego de que seis funcionarios del SAR Dr. Juan Damianovic resultaron con lesiones tras ser agredidos por una paciente en la madrugada de este lunes, el diputado Christian Matheson hizo&#8230; <a class=\"read-more\" href=\"https:\/\/www.radiopresidenteibanez.cl\/web\/diputado-matheson-pide-al-ejecutivo-ponerle-urgencia-a-proyecto-de-ley-que-agrava-sanciones-contra-quienes-agredan-a-personal-de-emergencia\/\">Leer m\u00e1s<\/a><\/p>\n","protected":false},"author":2,"featured_media":56932,"comment_status":"closed","ping_status":"closed","sticky":false,"template":"","format":"standard","meta":{"footnotes":""},"categories":[1],"tags":[],"class_list":["post-56931","post","type-post","status-publish","format-standard","has-post-thumbnail","hentry","category-cronica"],"_links":{"self":[{"href":"https:\/\/www.radiopresidenteibanez.cl\/web\/wp-json\/wp\/v2\/posts\/56931","targetHints":{"allow":["GET"]}}],"collection":[{"href":"https:\/\/www.radiopresidenteibanez.cl\/web\/wp-json\/wp\/v2\/posts"}],"about":[{"href":"https:\/\/www.radiopresidenteibanez.cl\/web\/wp-json\/wp\/v2\/types\/post"}],"author":[{"embeddable":true,"href":"https:\/\/www.radiopresidenteibanez.cl\/web\/wp-json\/wp\/v2\/users\/2"}],"replies":[{"embeddable":true,"href":"https:\/\/www.radiopresidenteibanez.cl\/web\/wp-json\/wp\/v2\/comments?post=56931"}],"version-history":[{"count":0,"href":"https:\/\/www.radiopresidenteibanez.cl\/web\/wp-json\/wp\/v2\/posts\/56931\/revisions"}],"wp:featuredmedia":[{"embeddable":true,"href":"https:\/\/www.radiopresidenteibanez.cl\/web\/wp-json\/wp\/v2\/media\/56932"}],"wp:attachment":[{"href":"https:\/\/www.radiopresidenteibanez.cl\/web\/wp-json\/wp\/v2\/media?parent=56931"}],"wp:term":[{"taxonomy":"category","embeddable":true,"href":"https:\/\/www.radiopresidenteibanez.cl\/web\/wp-json\/wp\/v2\/categories?post=56931"},{"taxonomy":"post_tag","embeddable":true,"href":"https:\/\/www.radiopresidenteibanez.cl\/web\/wp-json\/wp\/v2\/tags?post=56931"}],"curies":[{"name":"wp","href":"https:\/\/api.w.org\/{rel}","templated":true}]}}