{"id":569,"date":"2019-01-18T17:57:47","date_gmt":"2019-01-18T17:57:47","guid":{"rendered":"http:\/\/www.radiopresidenteibanez.cl\/web\/?p=569"},"modified":"2019-01-18T17:58:07","modified_gmt":"2019-01-18T17:58:07","slug":"atencion-emprendedores-postulacion-a-tecla-2-se-extendera-por-10-dias","status":"publish","type":"post","link":"https:\/\/www.radiopresidenteibanez.cl\/web\/atencion-emprendedores-postulacion-a-tecla-2-se-extendera-por-10-dias\/","title":{"rendered":"\u00a1ATENCI\u00d3N EMPRENDEDORES! POSTULACI\u00d3N A TECLA 2 SE EXTENDER\u00c1 POR 10 D\u00cdAS"},"content":{"rendered":"\n<p>Debido\nal \u00e9xito de su convocatoria, la postulaci\u00f3n para la segunda edici\u00f3n de Talento\nEmprendedor Caja Los Andes, se extender\u00e1 <strong>hasta el viernes 25 de enero.<\/strong>\nPor tanto, si eres chileno con esp\u00edritu innovador, te invitamos a inscribirte en\nTECLA, iniciativa que repartir\u00e1 hasta $200 millones a los mejores\nemprendimientos con impacto social.<\/p>\n\n\n\n<p>El\nobjetivo de TECLA 2 es contribuir a resolver problemas que aquejan a nuestra sociedad\npara poder romper con el c\u00edrculo de pobreza de los grupos m\u00e1s vulnerables, y mejorar\nas\u00ed la calidad de vida de la comunidad.<\/p>\n\n\n\n<p>En\nTECLA 2 se trabajar\u00e1 en dos l\u00edneas de desaf\u00edos que fueron tomadas de los \u00abCompromisos Pa\u00eds\u00bb establecidos por el Ministerio\nde Desarrollo Social: \u201c<strong><em>Dependencia y discapacidad\u201d <\/em><\/strong>y \u201c<strong><em>Vivienda y\nacceso a servicios sanitarios b\u00e1sicos\u201d.<\/em><\/strong><\/p>\n\n\n\n<p>Las\npersonas interesadas en ser parte de TECLA 2 deben contar con los siguientes\nrequisitos:<\/p>\n\n\n\n<p>1.\nSer persona natural mayor de 18 a\u00f1os de edad <\/p>\n\n\n\n<p>2.\nChileno o extranjero con permanencia temporal o definitiva en Chile. <\/p>\n\n\n\n<p>3.\nQue el postulante sea afiliado (activo o pensionado) de Caja Los Andes o carga\nlegal acreditada de alg\u00fan afiliado. Esta debe ser la persona que represente al\nproyecto en el bootcamp y el titular a quien se le transferir\u00e1 el premio (no es\nrequisito que sea quien exponga el pitch del proyecto o lidere el equipo). Para\ncorroborar que los participantes cumplan con este requisito se considerar\u00e1 un\ntiempo especial para validar la admisibilidad de las propuestas.<\/p>\n\n\n\n<p>Mayor\ninformaci\u00f3n y <strong>postulaciones en <\/strong><a href=\"https:\/\/www.cajalosandes.cl\/fondostecla\">https:\/\/www.cajalosandes.cl\/fondostecla<\/a>\n<\/p>\n","protected":false},"excerpt":{"rendered":"<p>Debido al \u00e9xito de su convocatoria, la postulaci\u00f3n para la segunda edici\u00f3n de Talento Emprendedor Caja Los Andes, se extender\u00e1 hasta el viernes 25 de enero. Por tanto, si eres&#8230; <a class=\"read-more\" href=\"https:\/\/www.radiopresidenteibanez.cl\/web\/atencion-emprendedores-postulacion-a-tecla-2-se-extendera-por-10-dias\/\">Leer m\u00e1s<\/a><\/p>\n","protected":false},"author":2,"featured_media":570,"comment_status":"closed","ping_status":"closed","sticky":false,"template":"","format":"standard","meta":{"footnotes":""},"categories":[1],"tags":[],"class_list":["post-569","post","type-post","status-publish","format-standard","has-post-thumbnail","hentry","category-cronica"],"_links":{"self":[{"href":"https:\/\/www.radiopresidenteibanez.cl\/web\/wp-json\/wp\/v2\/posts\/569","targetHints":{"allow":["GET"]}}],"collection":[{"href":"https:\/\/www.radiopresidenteibanez.cl\/web\/wp-json\/wp\/v2\/posts"}],"about":[{"href":"https:\/\/www.radiopresidenteibanez.cl\/web\/wp-json\/wp\/v2\/types\/post"}],"author":[{"embeddable":true,"href":"https:\/\/www.radiopresidenteibanez.cl\/web\/wp-json\/wp\/v2\/users\/2"}],"replies":[{"embeddable":true,"href":"https:\/\/www.radiopresidenteibanez.cl\/web\/wp-json\/wp\/v2\/comments?post=569"}],"version-history":[{"count":0,"href":"https:\/\/www.radiopresidenteibanez.cl\/web\/wp-json\/wp\/v2\/posts\/569\/revisions"}],"wp:featuredmedia":[{"embeddable":true,"href":"https:\/\/www.radiopresidenteibanez.cl\/web\/wp-json\/wp\/v2\/media\/570"}],"wp:attachment":[{"href":"https:\/\/www.radiopresidenteibanez.cl\/web\/wp-json\/wp\/v2\/media?parent=569"}],"wp:term":[{"taxonomy":"category","embeddable":true,"href":"https:\/\/www.radiopresidenteibanez.cl\/web\/wp-json\/wp\/v2\/categories?post=569"},{"taxonomy":"post_tag","embeddable":true,"href":"https:\/\/www.radiopresidenteibanez.cl\/web\/wp-json\/wp\/v2\/tags?post=569"}],"curies":[{"name":"wp","href":"https:\/\/api.w.org\/{rel}","templated":true}]}}