{"id":5684,"date":"2019-07-11T16:07:05","date_gmt":"2019-07-11T16:07:05","guid":{"rendered":"http:\/\/www.radiopresidenteibanez.cl\/web\/?p=5684"},"modified":"2019-07-11T16:07:24","modified_gmt":"2019-07-11T16:07:24","slug":"los-nuevos-embajadores-que-se-sumaran-a-las-celebraciones-de-los-500-anos-del-descubrimiento-del-estrecho-de-magallanes","status":"publish","type":"post","link":"https:\/\/www.radiopresidenteibanez.cl\/web\/los-nuevos-embajadores-que-se-sumaran-a-las-celebraciones-de-los-500-anos-del-descubrimiento-del-estrecho-de-magallanes\/","title":{"rendered":"LOS NUEVOS EMBAJADORES QUE SE SUMAR\u00c1N A LAS CELEBRACIONES DE LOS 500 A\u00d1OS DEL DESCUBRIMIENTO DEL ESTRECHO DE MAGALLANES"},"content":{"rendered":"\n<p>En dependencias de la Moneda en Santiago, con la presencia del presidente Sebasti\u00e1n Pi\u00f1era y el alcalde Claudio Radonich, se realiz\u00f3 la presentaci\u00f3n de los nuevos 50 embajadores que ser\u00e1n parte de las celebraciones de los 500 a\u00f1os del Estrecho de Magallanes en el a\u00f1o 2020.<\/p>\n\n\n\n<p>Aldo Foschino Latorre (m\u00fasico) <\/p>\n\n\n\n<p>Alejandro Vega Cacabelos\n(periodista)<\/p>\n\n\n\n<p>Antonio Altamirano Fern\u00e1ndez\n(gestor Cultural, Cielos del Infinito)<\/p>\n\n\n\n<p>Armado Cisternas Silva\n(Geof\u00edsico) <\/p>\n\n\n\n<p>Boris P\u00e9rez Ulloa (Futbolista)<\/p>\n\n\n\n<p>Brian Leiva Vargas (futbolista)<\/p>\n\n\n\n<p>Camila Pontikas (dise\u00f1adora) <\/p>\n\n\n\n<p>Carlos Lauler Za\u00f1artu\n(basquetbolista)<\/p>\n\n\n\n<p>Carlos Parker Almonacid (embajador\nde Chile en Uruguay)<\/p>\n\n\n\n<p>Claudio Mansilla Monsalve\n(dise\u00f1ador de alta costura)<\/p>\n\n\n\n<p>Claudio Soto G\u00f3mez\n(basquetbolista)<\/p>\n\n\n\n<p>Claudio Fari\u00f1a Gallardo\n(periodista)<\/p>\n\n\n\n<p>Cristian Arriagada Sallato\n(actor)<\/p>\n\n\n\n<p>Davor Gjuranovic Letelier\n(periodista)<\/p>\n\n\n\n<p>Eduardo Vidal Latorre\n(futbolista)<\/p>\n\n\n\n<p>Inga Harald Feutchmann P\u00e9rez,\nHarald Feutchmann P\u00e9rez, Emil Feutchmann P\u00e9rez y Erwin Feutchmann P\u00e9rez (bal\u00f3n\nmano)<\/p>\n\n\n\n<p>Eugenio Mimica Barassi (escritor)<\/p>\n\n\n\n<p>Fabi\u00e1n Jacksic Andrade (Premio\nNacional de Ciencias)<\/p>\n\n\n\n<p>Faride Zer\u00e1n Chelech (periodista)<\/p>\n\n\n\n<p>Fernando Salazar (judoka)<\/p>\n\n\n\n<p>Fernando Solabarrieta Chelech\n(periodista)<\/p>\n\n\n\n<p>&nbsp;Gazi Jalil Figueroa (periodista)<\/p>\n\n\n\n<p>Hielo Negro (bandas de rock)<\/p>\n\n\n\n<p>Icarus Gasoline (bandas de rock)<\/p>\n\n\n\n<p>Iv\u00e1n Martinic Calisto (periodista)<\/p>\n\n\n\n<p>Javier Contreras Galindo\n(guitarrista cl\u00e1sico)<\/p>\n\n\n\n<p>Javier C\u00e1rcamo S\u00e1ez (chef)<\/p>\n\n\n\n<p>Javiera Gaete Jeria (actriz)<\/p>\n\n\n\n<p>Javiera Novi\u00f3n Castillo\n(basquetbolista)<\/p>\n\n\n\n<p>Jorge Arecheta Fern\u00e1ndez (actor)<\/p>\n\n\n\n<p>Jorge Babarovic Novakovic\n(periodista)<\/p>\n\n\n\n<p>Jorge Caballero (dise\u00f1ador)<\/p>\n\n\n\n<p>Jorge Lobos Contreras (arquitecto)\n<\/p>\n\n\n\n<p>Jorge Luksic Babaic (empresario\ngastron\u00f3mico)<\/p>\n\n\n\n<p>Jorge Sharp Fajardo (alcalde Valpara\u00edso)<\/p>\n\n\n\n<p>Juan Crovetto Figueroa (profesor\n\/ m\u00e1ster en programaci\u00f3n neuroling\u00fc\u00edstica)<\/p>\n\n\n\n<p>Juan Mihovilovich Hern\u00e1ndez &nbsp;(juez y escritor)<\/p>\n\n\n\n<p>Julio Milostich Mu\u00f1oz (actor)<\/p>\n\n\n\n<p>Katherine Low Beatti (tenimesista)<\/p>\n\n\n\n<p>Leandro Medel Lizama (cineasta)<\/p>\n\n\n\n<p>Luis Alarc\u00f3n Mansilla (actor)<\/p>\n\n\n\n<p>Luis Guenel Soto (actor y\nemprendedor)<\/p>\n\n\n\n<p>Mario Contreras Sotomayor\n(m\u00fasico)<\/p>\n\n\n\n<p>Mauricio Pesutich P\u00e9rez (actor)<\/p>\n\n\n\n<p>Montserrat Ballarin del Valle (actriz)<\/p>\n\n\n\n<p>Nolberto D\u00edaz S\u00e1nchez (dirigente\nsindical)<\/p>\n\n\n\n<p>Oscar Barreiro Villegas\n(cantante)<\/p>\n\n\n\n<p>Patricia Stambuk Mayorga (periodista)<\/p>\n\n\n\n<p>Patricio Andrade Ruiz\n(periodista)<\/p>\n\n\n\n<p>Rafael Romo J\u00e9lvez (judoca)<\/p>\n\n\n\n<p>Ram\u00f3n D\u00edaz Eterovic (escritor)<\/p>\n\n\n\n<p>Ricardo Fuenzalida Castillo\n(futbolista)<\/p>\n\n\n\n<p>Rodolfo Contreras Hern\u00e1ndez\n(m\u00fasico y cultor criollo)<\/p>\n\n\n\n<p>Rodolfo Hahn P\u00e9rez (periodista)<\/p>\n\n\n\n<p>Rodrigo Cid Santos (periodista)<\/p>\n\n\n\n<p>Rodrigo Guzm\u00e1n Yacsich (bailar\u00edn)\n<\/p>\n\n\n\n<p>Rodrigo Zamora Maric\n(investigador)<\/p>\n\n\n\n<p>Ronnie Fern\u00e1ndez S\u00e1ez\n(futbolista)<\/p>\n\n\n\n<p>Sergio Baeriswyl Rada\n(arquitecto)<\/p>\n\n\n\n<p>Sergio Pinto Peralta (periodista)\n<\/p>\n\n\n\n<p>Tom\u00e1s Brice\u00f1o Gonz\u00e1lez (judoca)<\/p>\n\n\n\n<p>Vladimir Vukovic Campos (m\u00fasico)<\/p>\n\n\n\n<p>Empresas comprometidas con\nMagallanes:<\/p>\n\n\n\n<p>Aguas Magallanes<\/p>\n\n\n\n<p>Chocolates Norweisser<\/p>\n\n\n\n<p>Frigor\u00edfico Mar\u00edn<\/p>\n\n\n\n<p>Frigor\u00edfico Simunovic<\/p>\n\n\n\n<p>Empresa Neum\u00e1ticos San Jorge <\/p>\n\n\n\n<p>Fundaci\u00f3n Teraike fundada por Mar\u00eda Teresita Matetic.<\/p>\n\n\n\n<figure class=\"wp-block-image\"><img loading=\"lazy\" decoding=\"async\" width=\"653\" height=\"431\" src=\"http:\/\/www.radiopresidenteibanez.cl\/web\/wp-content\/uploads\/2019\/07\/aim7049_653x431.png\" alt=\"\" class=\"wp-image-5685\" srcset=\"https:\/\/www.radiopresidenteibanez.cl\/web\/wp-content\/uploads\/2019\/07\/aim7049_653x431.png 653w, https:\/\/www.radiopresidenteibanez.cl\/web\/wp-content\/uploads\/2019\/07\/aim7049_653x431-300x198.png 300w\" sizes=\"auto, (max-width: 653px) 100vw, 653px\" \/><\/figure>\n","protected":false},"excerpt":{"rendered":"<p>En dependencias de la Moneda en Santiago, con la presencia del presidente Sebasti\u00e1n Pi\u00f1era y el alcalde Claudio Radonich, se realiz\u00f3 la presentaci\u00f3n de los nuevos 50 embajadores que ser\u00e1n&#8230; <a class=\"read-more\" href=\"https:\/\/www.radiopresidenteibanez.cl\/web\/los-nuevos-embajadores-que-se-sumaran-a-las-celebraciones-de-los-500-anos-del-descubrimiento-del-estrecho-de-magallanes\/\">Leer m\u00e1s<\/a><\/p>\n","protected":false},"author":2,"featured_media":5685,"comment_status":"closed","ping_status":"closed","sticky":false,"template":"","format":"standard","meta":{"footnotes":""},"categories":[1],"tags":[],"class_list":["post-5684","post","type-post","status-publish","format-standard","has-post-thumbnail","hentry","category-cronica"],"_links":{"self":[{"href":"https:\/\/www.radiopresidenteibanez.cl\/web\/wp-json\/wp\/v2\/posts\/5684","targetHints":{"allow":["GET"]}}],"collection":[{"href":"https:\/\/www.radiopresidenteibanez.cl\/web\/wp-json\/wp\/v2\/posts"}],"about":[{"href":"https:\/\/www.radiopresidenteibanez.cl\/web\/wp-json\/wp\/v2\/types\/post"}],"author":[{"embeddable":true,"href":"https:\/\/www.radiopresidenteibanez.cl\/web\/wp-json\/wp\/v2\/users\/2"}],"replies":[{"embeddable":true,"href":"https:\/\/www.radiopresidenteibanez.cl\/web\/wp-json\/wp\/v2\/comments?post=5684"}],"version-history":[{"count":0,"href":"https:\/\/www.radiopresidenteibanez.cl\/web\/wp-json\/wp\/v2\/posts\/5684\/revisions"}],"wp:featuredmedia":[{"embeddable":true,"href":"https:\/\/www.radiopresidenteibanez.cl\/web\/wp-json\/wp\/v2\/media\/5685"}],"wp:attachment":[{"href":"https:\/\/www.radiopresidenteibanez.cl\/web\/wp-json\/wp\/v2\/media?parent=5684"}],"wp:term":[{"taxonomy":"category","embeddable":true,"href":"https:\/\/www.radiopresidenteibanez.cl\/web\/wp-json\/wp\/v2\/categories?post=5684"},{"taxonomy":"post_tag","embeddable":true,"href":"https:\/\/www.radiopresidenteibanez.cl\/web\/wp-json\/wp\/v2\/tags?post=5684"}],"curies":[{"name":"wp","href":"https:\/\/api.w.org\/{rel}","templated":true}]}}