{"id":5676,"date":"2019-07-11T14:06:28","date_gmt":"2019-07-11T14:06:28","guid":{"rendered":"http:\/\/www.radiopresidenteibanez.cl\/web\/?p=5676"},"modified":"2019-07-11T14:06:38","modified_gmt":"2019-07-11T14:06:38","slug":"autoridades-regionales-manifiestas-preocupacion-por-funcionamiento-de-hospital-de-puerto-natales-a-subsecretario-de-redes-asistenciales","status":"publish","type":"post","link":"https:\/\/www.radiopresidenteibanez.cl\/web\/autoridades-regionales-manifiestas-preocupacion-por-funcionamiento-de-hospital-de-puerto-natales-a-subsecretario-de-redes-asistenciales\/","title":{"rendered":"AUTORIDADES REGIONALES MANIFIESTAS PREOCUPACI\u00d3N POR FUNCIONAMIENTO DE HOSPITAL DE PUERTO NATALES A SUBSECRETARIO DE REDES ASISTENCIALES"},"content":{"rendered":"\n<p>Atendiendo a la preocupaci\u00f3n de los habitantes de Puerto\nNatales producto de los hechos suscitados en las \u00faltimas semanas en el Hospital\nAugusto Essmann, la diputada Sandra Amar, y la Gobernadora de \u00daltima Esperanza,\nsostuvieron en Santiago una reuni\u00f3n con el Subsecretario de Redes\nAsistenciales, Luis Castillo.<\/p>\n\n\n\n<p>El objetivo de este encuentro, seg\u00fan Amar fue \u201cvenir a\nplantear las inquietudes que tenemos respecto a la atenci\u00f3n que se est\u00e1\notorgando en el hospital de Natales\u201d. La parlamentaria gremialista asegur\u00f3 que\n\u201cle hemos dado a conocer la necesidad de gestionar en forma eficiente el\nfuncionamiento del hospital, sobre todo en materia de especialistas y la\natenci\u00f3n que se brinda en la atenci\u00f3n de urgencias\u201d.<\/p>\n\n\n\n<p>Por su parte, la Gobernadora Ana Mayorga afirm\u00f3 que \u201cla\npreocupaci\u00f3n por parte de la comunidad es tremenda, por lo que instancias como\nestas resultan fundamentales para plantear las problem\u00e1ticas y buscar\nsoluciones a la brevedad\u201d. Mayorga hizo hincapi\u00e9 en que las dudas por parte de\nla comunidad son variadas por lo que \u201ccontinuaremos trabajando para en todo lo\nque se requiera para avanzar hacia una mejor calidad de atenci\u00f3n de los\nhabitantes de \u00daltima Esperanza\u201d, sentenci\u00f3 la Gobernadora.<\/p>\n\n\n\n<p>La gesti\u00f3n de la diputada y la gobernadora se realiz\u00f3\ntambi\u00e9n con la presencia del equipo t\u00e9cnico del Subsecretario Castillo quienes\nafirmaron conocer las situaciones acontecidas desde el a\u00f1o pasado a la fecha y\nadem\u00e1s coincidieron con las autoridades regionales y subsanar en forma\napremiante las falencias que pudiera haber en el hospital Augusto Essman.<\/p>\n\n\n\n<p>Para ello, el director de la Direcci\u00f3n de la Direcci\u00f3n de\nGESTI\u00d3N DE Redes Asistenciales se trasladar\u00e1 dentro de los pr\u00f3ximos d\u00edas a\nPunta Arenas para ver in situ el funcionamiento del hospital.<\/p>\n\n\n\n<p>\u00a0Al finalizar la reuni\u00f3n, el subsecretario Luis Castillo y su equipo se comprometieron a idear un sistema que permita atraer especialistas a Puerto Natales, especialmente pediatras y anestesistas; a mejorar el servicio de urgencias y nombrar a la brevedad a un director que mejore la cultura organizacional del establecimiento.<\/p>\n\n\n\n<p><\/p>\n","protected":false},"excerpt":{"rendered":"<p>Atendiendo a la preocupaci\u00f3n de los habitantes de Puerto Natales producto de los hechos suscitados en las \u00faltimas semanas en el Hospital Augusto Essmann, la diputada Sandra Amar, y la&#8230; <a class=\"read-more\" href=\"https:\/\/www.radiopresidenteibanez.cl\/web\/autoridades-regionales-manifiestas-preocupacion-por-funcionamiento-de-hospital-de-puerto-natales-a-subsecretario-de-redes-asistenciales\/\">Leer m\u00e1s<\/a><\/p>\n","protected":false},"author":2,"featured_media":5677,"comment_status":"closed","ping_status":"closed","sticky":false,"template":"","format":"standard","meta":{"footnotes":""},"categories":[1],"tags":[],"class_list":["post-5676","post","type-post","status-publish","format-standard","has-post-thumbnail","hentry","category-cronica"],"_links":{"self":[{"href":"https:\/\/www.radiopresidenteibanez.cl\/web\/wp-json\/wp\/v2\/posts\/5676","targetHints":{"allow":["GET"]}}],"collection":[{"href":"https:\/\/www.radiopresidenteibanez.cl\/web\/wp-json\/wp\/v2\/posts"}],"about":[{"href":"https:\/\/www.radiopresidenteibanez.cl\/web\/wp-json\/wp\/v2\/types\/post"}],"author":[{"embeddable":true,"href":"https:\/\/www.radiopresidenteibanez.cl\/web\/wp-json\/wp\/v2\/users\/2"}],"replies":[{"embeddable":true,"href":"https:\/\/www.radiopresidenteibanez.cl\/web\/wp-json\/wp\/v2\/comments?post=5676"}],"version-history":[{"count":0,"href":"https:\/\/www.radiopresidenteibanez.cl\/web\/wp-json\/wp\/v2\/posts\/5676\/revisions"}],"wp:featuredmedia":[{"embeddable":true,"href":"https:\/\/www.radiopresidenteibanez.cl\/web\/wp-json\/wp\/v2\/media\/5677"}],"wp:attachment":[{"href":"https:\/\/www.radiopresidenteibanez.cl\/web\/wp-json\/wp\/v2\/media?parent=5676"}],"wp:term":[{"taxonomy":"category","embeddable":true,"href":"https:\/\/www.radiopresidenteibanez.cl\/web\/wp-json\/wp\/v2\/categories?post=5676"},{"taxonomy":"post_tag","embeddable":true,"href":"https:\/\/www.radiopresidenteibanez.cl\/web\/wp-json\/wp\/v2\/tags?post=5676"}],"curies":[{"name":"wp","href":"https:\/\/api.w.org\/{rel}","templated":true}]}}