{"id":5670,"date":"2019-07-11T13:59:59","date_gmt":"2019-07-11T13:59:59","guid":{"rendered":"http:\/\/www.radiopresidenteibanez.cl\/web\/?p=5670"},"modified":"2019-07-11T14:00:38","modified_gmt":"2019-07-11T14:00:38","slug":"comenzaron-dos-cursos-de-oficio-para-trabajadores-de-la-construccion","status":"publish","type":"post","link":"https:\/\/www.radiopresidenteibanez.cl\/web\/comenzaron-dos-cursos-de-oficio-para-trabajadores-de-la-construccion\/","title":{"rendered":"COMENZARON DOS CURSOS DE OFICIO PARA TRABAJADORES DE LA CONSTRUCCI\u00d3N"},"content":{"rendered":"\n<p>A trav\u00e9s del Programa de Certificaci\u00f3n de Oficios, que es parte de la&nbsp;Escuela&nbsp;Tecnol\u00f3gica&nbsp;de la Construcci\u00f3n (ETC), el trabajador de la construcci\u00f3n puede ingresar a cursos de 80 horas con el fin de perfeccionarse en su oficio actual o especializarse en un segundo oficio relacionado con la construcci\u00f3n, como por ejemplo pintor, carpintero de obra grueso, instalador el\u00e9ctrico, ceramista, rigger, enfierrador, jefe de obra, alba\u00f1il, concretero o trazador.<br><br>En la Punta Arenas, la C\u00e1mara local, en conjunto con la ETC, dieron inicio a dos cursos: \u201cInstalador de gas clase 3\u201d y \u201cAndamiero\u201d, programas de estudios que se realizan de lunes a viernes desde 19 a 22 hrs. en las dependencias del Liceo Mar\u00eda Behety.<\/p>\n\n\n\n<p>Los m\u00e1s de cincuenta trabajadores inscritos provienen de empresas socias CChC Punta Arenas, como Constructora Salfa SA. y Ebco., incluyendo subcontratistas.<\/p>\n\n\n\n<p>Ambos cursos comenzaron a fines de junio y que culminar\u00e1n el pr\u00f3ximo 7 de agosto, entreg\u00e1ndoles a los m\u00e1s de cincuenta trabajadores la posibilidad de certificar las competencias laborales seg\u00fan el perfil de ChileValora, que reconoce formalmente los conocimientos, capacidades y aptitudes de los trabajadores para ejecutar funciones espec\u00edficas, en estos casos en instalaci\u00f3n de gas y de andamios.<\/p>\n\n\n\n<p>\u00a0\u201cComo C\u00e1mara creemos que es sumamente necesario que todos estemos al d\u00eda con los \u00faltimos conocimientos que puedan existir en el rubro. A las empresas de la regi\u00f3n les cuesta mucho encontrar y verificar si las personas que contratan son lo que dicen ser. Desde ese lado, el rubro de la construcci\u00f3n lamentablemente a\u00fan es bastante informal, y este curso buscan dar a los trabajadores una acreditaci\u00f3n que les permita el d\u00eda de ma\u00f1ana contar con una credencial de un ente externo, en este caso la ETC, que les entrega un certificado que son trabajadores y eso es un tremendo plus\u201d, indic\u00f3 Crist\u00f3bal Bascu\u00f1\u00e1n, presidente del Comit\u00e9 Social de la CChC Punta Arenas.<\/p>\n\n\n\n<p><\/p>\n","protected":false},"excerpt":{"rendered":"<p>A trav\u00e9s del Programa de Certificaci\u00f3n de Oficios, que es parte de la&nbsp;Escuela&nbsp;Tecnol\u00f3gica&nbsp;de la Construcci\u00f3n (ETC), el trabajador de la construcci\u00f3n puede ingresar a cursos de 80 horas con el&#8230; <a class=\"read-more\" href=\"https:\/\/www.radiopresidenteibanez.cl\/web\/comenzaron-dos-cursos-de-oficio-para-trabajadores-de-la-construccion\/\">Leer m\u00e1s<\/a><\/p>\n","protected":false},"author":2,"featured_media":5671,"comment_status":"closed","ping_status":"closed","sticky":false,"template":"","format":"standard","meta":{"footnotes":""},"categories":[1],"tags":[],"class_list":["post-5670","post","type-post","status-publish","format-standard","has-post-thumbnail","hentry","category-cronica"],"_links":{"self":[{"href":"https:\/\/www.radiopresidenteibanez.cl\/web\/wp-json\/wp\/v2\/posts\/5670","targetHints":{"allow":["GET"]}}],"collection":[{"href":"https:\/\/www.radiopresidenteibanez.cl\/web\/wp-json\/wp\/v2\/posts"}],"about":[{"href":"https:\/\/www.radiopresidenteibanez.cl\/web\/wp-json\/wp\/v2\/types\/post"}],"author":[{"embeddable":true,"href":"https:\/\/www.radiopresidenteibanez.cl\/web\/wp-json\/wp\/v2\/users\/2"}],"replies":[{"embeddable":true,"href":"https:\/\/www.radiopresidenteibanez.cl\/web\/wp-json\/wp\/v2\/comments?post=5670"}],"version-history":[{"count":0,"href":"https:\/\/www.radiopresidenteibanez.cl\/web\/wp-json\/wp\/v2\/posts\/5670\/revisions"}],"wp:featuredmedia":[{"embeddable":true,"href":"https:\/\/www.radiopresidenteibanez.cl\/web\/wp-json\/wp\/v2\/media\/5671"}],"wp:attachment":[{"href":"https:\/\/www.radiopresidenteibanez.cl\/web\/wp-json\/wp\/v2\/media?parent=5670"}],"wp:term":[{"taxonomy":"category","embeddable":true,"href":"https:\/\/www.radiopresidenteibanez.cl\/web\/wp-json\/wp\/v2\/categories?post=5670"},{"taxonomy":"post_tag","embeddable":true,"href":"https:\/\/www.radiopresidenteibanez.cl\/web\/wp-json\/wp\/v2\/tags?post=5670"}],"curies":[{"name":"wp","href":"https:\/\/api.w.org\/{rel}","templated":true}]}}