{"id":5667,"date":"2019-07-11T13:55:04","date_gmt":"2019-07-11T13:55:04","guid":{"rendered":"http:\/\/www.radiopresidenteibanez.cl\/web\/?p=5667"},"modified":"2019-07-11T13:55:29","modified_gmt":"2019-07-11T13:55:29","slug":"comision-presupuesto-del-core-analiza-junto-a-divisiones-del-gobierno-regional-anteproyecto-de-inversion-ari-2020-que-sera-discutido-en-santiago","status":"publish","type":"post","link":"https:\/\/www.radiopresidenteibanez.cl\/web\/comision-presupuesto-del-core-analiza-junto-a-divisiones-del-gobierno-regional-anteproyecto-de-inversion-ari-2020-que-sera-discutido-en-santiago\/","title":{"rendered":"COMISI\u00d3N PRESUPUESTO DEL CORE ANALIZA JUNTO A DIVISIONES DEL GOBIERNO REGIONAL ANTEPROYECTO DE INVERSI\u00d3N ARI 2020 QUE SER\u00c1 DISCUTIDO EN SANTIAGO"},"content":{"rendered":"\n<p>Previa\nsanci\u00f3n del Consejo Regional y antes de su discusi\u00f3n final en la Direcci\u00f3n de\nPresupuesto (DIPRES) el pr\u00f3ximo 18 y 19 de julio, la Comisi\u00f3n Presupuesto del\nCORE junto a las divisiones del Gobierno Regional se encuentran desarrollando\njornadas de an\u00e1lisis del Anteproyecto de Inversi\u00f3n Regional y del Presupuesto\nRegional para el a\u00f1o 2020.<\/p>\n\n\n\n<p>El Anteproyecto\nde Inversi\u00f3n Regional comprende una estimaci\u00f3n de la inversi\u00f3n y las\nactividades que el Gobierno Regional, los ministerios y servicios efectuar\u00e1n,\nidentificando los proyectos, estudios, programas y la estimaci\u00f3n de sus costos.\nPor otro lado el Presupuesto Regional comprende los gastos del propio GORE, el\nFondo Nacional de Inversi\u00f3n Regional (FNDR) y el Fondo de Desarrollo de\nMagallanes (FONDEMA).<\/p>\n\n\n\n<p>Seg\u00fan\nexplic\u00f3 el presidente de Presupuesto, Ram\u00f3n Lobos, el Anteproyecto de Inversi\u00f3n\nes una de las herramientas m\u00e1s importantes de la regi\u00f3n ya que tiene que ver\ncon el financiamiento de las distintas iniciativas tanto del Gobierno Regional\ncomo de los ministerios. <\/p>\n\n\n\n<p>\u201cPara\nel CORE es importante conocer cu\u00e1les son las prioridades en lo que se est\u00e1n desarrollando\nlos distintos sectores y el Gobierno Regional a trav\u00e9s del FNDR y el FONDEMA y\nsaber c\u00f3mo se dar\u00e1 continuidad al Plan Especial de Zonas Extremas que tan exitoso\nha sido permiti\u00e9ndonos concretar proyectos anhelados por la ciudadan\u00eda. &nbsp;Somos una regi\u00f3n se\u00f1era que ha dado buen uso a\nestos recursos y el trabajo desarrollado por el &nbsp;Gobierno Regional marca la pauta en lo que hay\nque hacer por ello antes de aprobar el Proyecto de Inversi\u00f3n estamos trabajando\njunto a los profesionales y representantes de los organismos p\u00fablicos a fin de llevar\nun discurso unitario en torno a donde est\u00e1n los focos del desarrollo y el CORE al\ntener representaci\u00f3n en todo el territorio logra unir los an\u00e1lisis de cada\nprovincia a fin de que sea arm\u00f3nico\u201d, detall\u00f3 el consejero Lobos. <\/p>\n\n\n\n<p>Por su\nparte el presidente del CORE, Tolentino Soto, manifest\u00f3 \u201cha sido un trabajo enfocado\nen el comportamiento del FNDR y FONDEMA, existen algunas aprensiones ya que\ncuando comparamos el a\u00f1o &nbsp;2019 con el\n2020 hay una disminuci\u00f3n del presupuesto FNDR y por ello el pr\u00f3ximo lunes\nescucharemos a los distintos sectores, es preocupante cuando uno visualiza\nrecortes en Salud por ejemplo\u201d, agreg\u00f3.<\/p>\n\n\n\n<p>Asimismo\nel consejero, Antonio Bradasic, se\u00f1al\u00f3 \u201cla idea es llevar un anteproyecto de inversi\u00f3n\nregional consensuado y esperamos no solo mantener el presupuesto sino\nincrementarlo tambi\u00e9n&nbsp; ver que va a\nocurrir con el Plan de Zonas Extremas ya que no pueden quedar obras a mitad de\nejecuci\u00f3n\u201d. <\/p>\n\n\n\n<p>Finalmente\nel consejero, Andres L\u00f3pez, &nbsp;coment\u00f3 \u201chace\ndos semanas que estamos analizando el ARI ya que vamos a Santiago la pr\u00f3xima\nsemana y esperamos lograr incrementar los recursos o al menos mantenerlos cosa\nque no se ve f\u00e1cil ya que presupuestariamente no estamos creciendo como\nquisieramos pero la idea es defender lo nuestro junto al Intendente, Jos\u00e9\nFern\u00e1ndez &nbsp;y los jefes de las divisiones\u201d,\nconcluy\u00f3. &nbsp;<\/p>\n","protected":false},"excerpt":{"rendered":"<p>Previa sanci\u00f3n del Consejo Regional y antes de su discusi\u00f3n final en la Direcci\u00f3n de Presupuesto (DIPRES) el pr\u00f3ximo 18 y 19 de julio, la Comisi\u00f3n Presupuesto del CORE junto&#8230; <a class=\"read-more\" href=\"https:\/\/www.radiopresidenteibanez.cl\/web\/comision-presupuesto-del-core-analiza-junto-a-divisiones-del-gobierno-regional-anteproyecto-de-inversion-ari-2020-que-sera-discutido-en-santiago\/\">Leer m\u00e1s<\/a><\/p>\n","protected":false},"author":2,"featured_media":5668,"comment_status":"closed","ping_status":"closed","sticky":false,"template":"","format":"standard","meta":{"footnotes":""},"categories":[1],"tags":[],"class_list":["post-5667","post","type-post","status-publish","format-standard","has-post-thumbnail","hentry","category-cronica"],"_links":{"self":[{"href":"https:\/\/www.radiopresidenteibanez.cl\/web\/wp-json\/wp\/v2\/posts\/5667","targetHints":{"allow":["GET"]}}],"collection":[{"href":"https:\/\/www.radiopresidenteibanez.cl\/web\/wp-json\/wp\/v2\/posts"}],"about":[{"href":"https:\/\/www.radiopresidenteibanez.cl\/web\/wp-json\/wp\/v2\/types\/post"}],"author":[{"embeddable":true,"href":"https:\/\/www.radiopresidenteibanez.cl\/web\/wp-json\/wp\/v2\/users\/2"}],"replies":[{"embeddable":true,"href":"https:\/\/www.radiopresidenteibanez.cl\/web\/wp-json\/wp\/v2\/comments?post=5667"}],"version-history":[{"count":0,"href":"https:\/\/www.radiopresidenteibanez.cl\/web\/wp-json\/wp\/v2\/posts\/5667\/revisions"}],"wp:featuredmedia":[{"embeddable":true,"href":"https:\/\/www.radiopresidenteibanez.cl\/web\/wp-json\/wp\/v2\/media\/5668"}],"wp:attachment":[{"href":"https:\/\/www.radiopresidenteibanez.cl\/web\/wp-json\/wp\/v2\/media?parent=5667"}],"wp:term":[{"taxonomy":"category","embeddable":true,"href":"https:\/\/www.radiopresidenteibanez.cl\/web\/wp-json\/wp\/v2\/categories?post=5667"},{"taxonomy":"post_tag","embeddable":true,"href":"https:\/\/www.radiopresidenteibanez.cl\/web\/wp-json\/wp\/v2\/tags?post=5667"}],"curies":[{"name":"wp","href":"https:\/\/api.w.org\/{rel}","templated":true}]}}