{"id":5665,"date":"2019-07-11T13:49:56","date_gmt":"2019-07-11T13:49:56","guid":{"rendered":"http:\/\/www.radiopresidenteibanez.cl\/web\/?p=5665"},"modified":"2019-07-11T13:50:16","modified_gmt":"2019-07-11T13:50:16","slug":"comunicado-partidos-dc-ppd-ps-y-pr","status":"publish","type":"post","link":"https:\/\/www.radiopresidenteibanez.cl\/web\/comunicado-partidos-dc-ppd-ps-y-pr\/","title":{"rendered":"COMUNICADO PARTIDOS DC, PPD, PS Y PR"},"content":{"rendered":"\n<p>La Estrategia Regional de\nDesarrollo de Magallanes y Ant\u00e1rtica Chilena 2012-2020, sostiene que \u201clos\nrequerimientos de crecimiento de la regi\u00f3n implican el impulso de aquellas\nactividades que efectivamente tienen impacto en la generaci\u00f3n del Producto\nRegional\u201d, y agrupa tales actividades en 6 sectores productivos: \u201cMinero\/Energ\u00e9tico,\nTurismo, Pesca y Acuicultura, Servicios Mar\u00edtimos y Portuarios, y el sector\nGanadero\/Forestal\/Hort\u00edcola\u201d. <\/p>\n\n\n\n<p>A su vez propone, en el \u00e1mbito\nde <em>Competitividad y Desarrollo Productivo,<\/em>\n\u201cdesarrollar una visi\u00f3n concreta en torno al crecimiento y expansi\u00f3n sostenible\ny sustentable de la actividad minera-energ\u00e9tica, que permita consolidar a la\nregi\u00f3n como una de las principales productoras de carb\u00f3n, hidrocarburos y\nenerg\u00edas no convencionales para el mercado regional y nacional\u201d. Y en\nespec\u00edfico, plantea \u201cpropiciar el desarrollo de un modelo productivo\nsustentable para la miner\u00eda del carb\u00f3n\u201d.<\/p>\n\n\n\n<p>\u00bfQu\u00e9 pas\u00f3 entonces con esa voluntad\nde desarrollo regional a partir del carb\u00f3n? Aparentemente entr\u00f3 en crisis, puesto\nque ya no resulta tan convincente como hace algunos a\u00f1os.<\/p>\n\n\n\n<p>Hay que reconocer, en primer\nlugar, que por m\u00e1s de un siglo la extracci\u00f3n de carb\u00f3n ha tenido presencia en\nla regi\u00f3n, como una actividad productiva importante. Su quehacer ha dado forma\na hombres, mujeres y familias que han nutrido la idiosincrasia local con la cultura\nminera del carb\u00f3n. A trav\u00e9s de su faena -a pesar de sus peligros y v\u00edctimas-,\nvarias generaciones de trabajadores alcanzaron mejoras en sus condiciones de\nvida, y pudieron educar a su descendencia con un mejor anhelo para ella. Hoy mismo, las\nactuales generaciones de trabajadores vinculados a esta industria, defienden su\nfuente laboral por las mismas razones que generaciones pasadas. <\/p>\n\n\n\n<p>Sin embargo, el inminente desempleo\nque se est\u00e1 produciendo a partir del cierre programado de las operaciones de\nMina Invierno, es el corolario funesto de una decisi\u00f3n fundamental del propio actor\nproductivo. En efecto, si la empresa hubiera admitido desde un inicio todos los\nm\u00e9todos de extracci\u00f3n posibles en el Estudio de Impacto Ambiental correspondiente,\nlas consecuencias de su omisi\u00f3n inexcusable, respecto del uso potencial de\ntronaduras, se habr\u00edan evitado. <\/p>\n\n\n\n<p>Su pecado original est\u00e1 perjudicando\na trabajadores directos e indirectos, pero adem\u00e1s gravita en las esferas pol\u00edticas\ny judiciales, por ser \u00e9stas, \u00e1mbitos de corresponsabilidad sobre las\nactividades productivas que impactan el territorio, las comunidades y la\neconom\u00eda regional.<\/p>\n\n\n\n<p>En segundo lugar, se debe tener presente que el modelo de producci\u00f3n\ndominante, basado en la extracci\u00f3n de recursos naturales, est\u00e1 siendo\ncuestionado desde la ra\u00edz. A\u00fan si la empresa cumple con la normativa ambiental establecida,\nese cumplimiento resulta insatisfactorio, ya que el est\u00e1ndar legal es juzgado\ninsuficiente y la fiscalizaci\u00f3n precaria y muchas veces, inexistente. <\/p>\n\n\n\n<p>Los reclamos ciudadanos contra industrias que explotan\nrecursos no renovables, o contra industrias contaminantes, o contra las llamadas\nzonas de sacrificio, son absolutamente leg\u00edtimos, y surgen de una actitud\nconsciente respecto a que este tipo de producci\u00f3n y sus derivados, causan\nprofundos da\u00f1os al ecosistema global, y amenazan seriamente con romper el\nequilibrio clim\u00e1tico del planeta hasta un punto que no exista retorno. <\/p>\n\n\n\n<p>Esta es la ecuaci\u00f3n fundamental que debemos resolver, si\nqueremos hablar de desarrollo en el siglo XXI. <\/p>\n\n\n\n<p>No obstante el grave riesgo que experimenta la humanidad (a\ncausa de su propia actividad y progreso), la restricci\u00f3n que pesa en este instante\nsobre un negocio \u201cpoco sustentable\u201d, se presenta a la opini\u00f3n p\u00fablica como una cat\u00e1strofe\nlaboral y econ\u00f3mica, y no como una oportunidad para repensar la producci\u00f3n y el\ndesarrollo, que contribuya, localmente, a evitar una cat\u00e1strofe en el planeta\nque habitamos. <\/p>\n\n\n\n<p>De modo consecuente, y sin perjuicio de lo que llegue a\nresolver el Tribunal Ambiental competente sobre Mina Invierno; existen, al\nmenos, tres puntos pol\u00edticos que queremos plantear:<\/p>\n\n\n\n<ol class=\"wp-block-list\"><li>El gobierno actual debe\nefectuar, a la brevedad, un llamado amplio a participar de un proceso de\ndeliberaci\u00f3n orientado a renovar la actual Estrategia Regional de Desarrollo.\nDonde se puedan articular los Objetivos de Desarrollo Sostenible (Agenda 2030)\ny los intereses de crecimiento y empleo regional. En \u00e9ste porceso, la\nparticipaci\u00f3n de los actores involucrados en la decisi\u00f3n, formaci\u00f3n,\ninvestigaci\u00f3n, producci\u00f3n, innovaci\u00f3n y evaluaci\u00f3n de acciones y procesos que\ninciden en la actividad econ\u00f3mica regional, en la sostenibilidad ambiental del\nterritorio y la calidad de vida sus habitantes, es fundamental. <\/li><\/ol>\n\n\n\n<ul class=\"wp-block-list\"><li>Seg\u00fan INE, al menos el\n50% de la superficie regional \u201ccorresponde a \u00e1reas silvestres protegidas,\nestratificadas en reservas, monumentos naturales y parques nacionales\u201d. Siendo\nas\u00ed, Magallanes genera una importante contribuci\u00f3n mundial al establecer zonas\nde conservaci\u00f3n de gran magnitud, pero sin recibir nada a cambio. Es preciso\nentonces, reclamar un incentivo econ\u00f3mico por estas medidas de salvaguardia del\necosistema, para que sea invertido en procesos que generen valor a la\nproducci\u00f3n como: educaci\u00f3n, investigaci\u00f3n, capacitaci\u00f3n, ciencia, tecnolog\u00eda, innovaci\u00f3n.<\/li><\/ul>\n\n\n\n<ul class=\"wp-block-list\"><li>El Estado tiene la\nobligaci\u00f3n de mejorar aspectos regulatorios que est\u00e1n bajo cuestionamiento,\ncomo son la ley y la fiscalizaci\u00f3n. A este respecto, lo siguiente:<\/li><\/ul>\n\n\n\n<ol class=\"wp-block-list\"><li>La legislaci\u00f3n ambiental\nes crucial para orientar adecuadamente el desarrollo productivo del pa\u00eds y de\ncada regi\u00f3n. En paralelo, el proceso de descentralizaci\u00f3n debe asegurar mecanismos\nque entreguen facultades a las autoridades locales para ordenar y planificar el\nterritorio, asignar recursos financieros y humanos suficientes, y definir una\nnueva Estrategia Regional de Desarrollo, con un proceso de Evaluaci\u00f3n Ambiental\nEstrat\u00e9gico, que represente un amplio consenso respecto a la hoja de ruta que\nquiere seguir la regi\u00f3n.<\/li><\/ol>\n\n\n\n<ul class=\"wp-block-list\"><li>Es preciso fortalecer el\nest\u00e1ndar de calidad que tienen los sistemas de control de las instituciones\nfiscalizadoras del Estado sobre las faenas productivas. Como es el caso de\nSernageomin para proyectos mineros; para proyectos acu\u00edcolas, Sernapesca; y en\ngeneral, para cualquier proyecto aprobado ambientalmente, la Superintendencia\nde Medio Ambiente, con capacidades humanas y de recursos para abarcar esta\nextensa regi\u00f3n, con independencia y transparencia. Por lo tanto, son tres las\n\u00e1reas institucionales que requieren una intervenci\u00f3n prioritaria, a la vista de\nlo que ocurre con Mina Invierno y la salmonicultura. <\/li><\/ul>\n\n\n\n<p>Esperamos que el gobierno acoja esta propuesta y act\u00fae con m\u00e1xima\nresponsabilidad para lograr objetivos de largo plazo. Es tiempo de plantear una\nnueva Estrategia de Desarrollo Regional que inicie una transici\u00f3n fundamental\nhacia la diversificaci\u00f3n de nuestra matriz productiva. <\/p>\n\n\n\n<p><strong>PARTIDOS DE\nOPOSICI\u00d3N, MAGALLANES Y ANT\u00c1RTICA CHILENA <\/strong><\/p>\n","protected":false},"excerpt":{"rendered":"<p>La Estrategia Regional de Desarrollo de Magallanes y Ant\u00e1rtica Chilena 2012-2020, sostiene que \u201clos requerimientos de crecimiento de la regi\u00f3n implican el impulso de aquellas actividades que efectivamente tienen impacto&#8230; <a class=\"read-more\" href=\"https:\/\/www.radiopresidenteibanez.cl\/web\/comunicado-partidos-dc-ppd-ps-y-pr\/\">Leer m\u00e1s<\/a><\/p>\n","protected":false},"author":2,"featured_media":740,"comment_status":"closed","ping_status":"closed","sticky":false,"template":"","format":"standard","meta":{"footnotes":""},"categories":[1],"tags":[],"class_list":["post-5665","post","type-post","status-publish","format-standard","has-post-thumbnail","hentry","category-cronica"],"_links":{"self":[{"href":"https:\/\/www.radiopresidenteibanez.cl\/web\/wp-json\/wp\/v2\/posts\/5665","targetHints":{"allow":["GET"]}}],"collection":[{"href":"https:\/\/www.radiopresidenteibanez.cl\/web\/wp-json\/wp\/v2\/posts"}],"about":[{"href":"https:\/\/www.radiopresidenteibanez.cl\/web\/wp-json\/wp\/v2\/types\/post"}],"author":[{"embeddable":true,"href":"https:\/\/www.radiopresidenteibanez.cl\/web\/wp-json\/wp\/v2\/users\/2"}],"replies":[{"embeddable":true,"href":"https:\/\/www.radiopresidenteibanez.cl\/web\/wp-json\/wp\/v2\/comments?post=5665"}],"version-history":[{"count":0,"href":"https:\/\/www.radiopresidenteibanez.cl\/web\/wp-json\/wp\/v2\/posts\/5665\/revisions"}],"wp:featuredmedia":[{"embeddable":true,"href":"https:\/\/www.radiopresidenteibanez.cl\/web\/wp-json\/wp\/v2\/media\/740"}],"wp:attachment":[{"href":"https:\/\/www.radiopresidenteibanez.cl\/web\/wp-json\/wp\/v2\/media?parent=5665"}],"wp:term":[{"taxonomy":"category","embeddable":true,"href":"https:\/\/www.radiopresidenteibanez.cl\/web\/wp-json\/wp\/v2\/categories?post=5665"},{"taxonomy":"post_tag","embeddable":true,"href":"https:\/\/www.radiopresidenteibanez.cl\/web\/wp-json\/wp\/v2\/tags?post=5665"}],"curies":[{"name":"wp","href":"https:\/\/api.w.org\/{rel}","templated":true}]}}