{"id":56628,"date":"2025-05-29T16:24:00","date_gmt":"2025-05-29T19:24:00","guid":{"rendered":"https:\/\/www.radiopresidenteibanez.cl\/web\/?p=56628"},"modified":"2025-05-29T11:34:13","modified_gmt":"2025-05-29T14:34:13","slug":"embajadora-de-japon-inicia-ronda-de-bilaterales-reuniendose-con-el-seremi-de-energia-de-magallanes","status":"publish","type":"post","link":"https:\/\/www.radiopresidenteibanez.cl\/web\/embajadora-de-japon-inicia-ronda-de-bilaterales-reuniendose-con-el-seremi-de-energia-de-magallanes\/","title":{"rendered":"Embajadora de Jap\u00f3n inicia ronda de bilaterales reuni\u00e9ndose con el Seremi de Energ\u00eda de Magallanes"},"content":{"rendered":"\n<p>Esta tarde, el Seremi de Energ\u00eda de Magallanes, Sergio Cuiti\u00f1o, recibi\u00f3 a la Embajadora de Jap\u00f3n en Chile, ITO Takako, quien estuvo acompa\u00f1ada por su comitiva compuesta por INOUE Kayoko, Primera Secretaria, del Departamento de Econom\u00eda, y YAMAMOTO Masahide, Asesor del Departamento de Econom\u00eda.<\/p>\n\n\n\n<p>En la ocasi\u00f3n,&nbsp;la Embajadora ITO Takako se inform\u00f3 de primera fuente, respecto del actual momento energ\u00e9tico nacional y regional, estado de avances, las proyecciones y los elementos comunes que, en materia energ\u00e9tica, comparten Chile y Magallanes con Jap\u00f3n.&nbsp;<\/p>\n\n\n\n<p>En este sentido agradeci\u00f3 \u201cla explicaci\u00f3n sobre las tendencias en materia de energ\u00eda limpia en la regi\u00f3n de Magallanes y de la Ant\u00e1rtica Chilena y expres\u00f3 su deseo de continuar las conversaciones sobre este tema en el futuro.\u201d<\/p>\n\n\n\n<p>Al respecto el Seremi Sergio Cuiti\u00f1o valor\u00f3 la visita e inter\u00e9s del pa\u00eds asi\u00e1tico \u201cpor conocer, entre otros asuntos, nuestra realidad energ\u00e9tica, nuestros avances y c\u00f3mo, desde el enfoque de la transici\u00f3n energ\u00e9tica sostenible y justa que propulsa el Gobierno del Presidente Gabriel Boric, visualizamos el futuro energ\u00e9tico del pa\u00eds en el contexto un mundo globalizado y con una crisis clim\u00e1tica que resolver\u201d, apunt\u00f3 titular regional de Energ\u00eda.&nbsp;<\/p>\n\n\n\n<p>Tambi\u00e9n el titular regional de Energ\u00eda resalt\u00f3 las ventajas y \u201ccondiciones inmejorables de la regi\u00f3n para el desarrollo de la industria&nbsp;del hidr\u00f3geno verde, con lo cual buscamos convertirnos en un polo de exportaci\u00f3n de energ\u00edas verdes\u201d. &nbsp;<\/p>\n\n\n\n<p>Finalmente, el Seremi Sergio Cuiti\u00f1o entreg\u00f3 a la autoridad diplom\u00e1tica un ejemplar de la Pol\u00edtica Energ\u00e9tica Nacional y un \u201cTeatro de Papel\u201d, inspirado en el tradicional \u201cKamishibai\u201d de la cultura japonesa; el cual el Ministerio de Energ\u00eda est\u00e1 empleando como herramienta pedag\u00f3gica en temas de educaci\u00f3n energ\u00e9tica.&nbsp;<\/p>\n","protected":false},"excerpt":{"rendered":"<p>Esta tarde, el Seremi de Energ\u00eda de Magallanes, Sergio Cuiti\u00f1o, recibi\u00f3 a la Embajadora de Jap\u00f3n en Chile, ITO Takako, quien estuvo acompa\u00f1ada por su comitiva compuesta por INOUE Kayoko,&#8230; <a class=\"read-more\" href=\"https:\/\/www.radiopresidenteibanez.cl\/web\/embajadora-de-japon-inicia-ronda-de-bilaterales-reuniendose-con-el-seremi-de-energia-de-magallanes\/\">Leer m\u00e1s<\/a><\/p>\n","protected":false},"author":2,"featured_media":56629,"comment_status":"closed","ping_status":"closed","sticky":false,"template":"","format":"standard","meta":{"footnotes":""},"categories":[1],"tags":[],"class_list":["post-56628","post","type-post","status-publish","format-standard","has-post-thumbnail","hentry","category-cronica"],"_links":{"self":[{"href":"https:\/\/www.radiopresidenteibanez.cl\/web\/wp-json\/wp\/v2\/posts\/56628","targetHints":{"allow":["GET"]}}],"collection":[{"href":"https:\/\/www.radiopresidenteibanez.cl\/web\/wp-json\/wp\/v2\/posts"}],"about":[{"href":"https:\/\/www.radiopresidenteibanez.cl\/web\/wp-json\/wp\/v2\/types\/post"}],"author":[{"embeddable":true,"href":"https:\/\/www.radiopresidenteibanez.cl\/web\/wp-json\/wp\/v2\/users\/2"}],"replies":[{"embeddable":true,"href":"https:\/\/www.radiopresidenteibanez.cl\/web\/wp-json\/wp\/v2\/comments?post=56628"}],"version-history":[{"count":0,"href":"https:\/\/www.radiopresidenteibanez.cl\/web\/wp-json\/wp\/v2\/posts\/56628\/revisions"}],"wp:featuredmedia":[{"embeddable":true,"href":"https:\/\/www.radiopresidenteibanez.cl\/web\/wp-json\/wp\/v2\/media\/56629"}],"wp:attachment":[{"href":"https:\/\/www.radiopresidenteibanez.cl\/web\/wp-json\/wp\/v2\/media?parent=56628"}],"wp:term":[{"taxonomy":"category","embeddable":true,"href":"https:\/\/www.radiopresidenteibanez.cl\/web\/wp-json\/wp\/v2\/categories?post=56628"},{"taxonomy":"post_tag","embeddable":true,"href":"https:\/\/www.radiopresidenteibanez.cl\/web\/wp-json\/wp\/v2\/tags?post=56628"}],"curies":[{"name":"wp","href":"https:\/\/api.w.org\/{rel}","templated":true}]}}