{"id":5662,"date":"2019-07-11T13:38:44","date_gmt":"2019-07-11T13:38:44","guid":{"rendered":"http:\/\/www.radiopresidenteibanez.cl\/web\/?p=5662"},"modified":"2019-07-11T13:38:59","modified_gmt":"2019-07-11T13:38:59","slug":"solicitaran-al-alcalde-consulta-ciudadana-para-conocer-la-opinion-de-los-puntarenenses-en-torno-al-mega-proyecto-vial-que-el-mop-realizara-en-la-ruta-9","status":"publish","type":"post","link":"https:\/\/www.radiopresidenteibanez.cl\/web\/solicitaran-al-alcalde-consulta-ciudadana-para-conocer-la-opinion-de-los-puntarenenses-en-torno-al-mega-proyecto-vial-que-el-mop-realizara-en-la-ruta-9\/","title":{"rendered":"SOLICITAR\u00c1N AL ALCALDE CONSULTA CIUDADANA PARA CONOCER LA OPINI\u00d3N DE LOS PUNTARENENSES EN TORNO AL MEGA PROYECTO VIAL QUE EL MOP REALIZARA EN LA RUTA 9"},"content":{"rendered":"\n<p>En la Comisi\u00f3n de Participaci\u00f3n Ciudadana, presidida por la\nconcejala Ver\u00f3nica Aguilar, se habl\u00f3 sobre el mega proyecto vial que el\nMinisterio de Obras P\u00fablicas, pretende impulsar en la ruta 9, o denominado\n\u201ccruce de la muerte\u201d.<\/p>\n\n\n\n<p>En la oportunidad, se analizaron varios puntos, que dicen\nrelaci\u00f3n con el alto costo del proyecto, con la pr\u00f3xima incorporaci\u00f3n de la\nAvenida Circunvalaci\u00f3n, y la situaci\u00f3n medio ambiental que afectara\ndirectamente al Humedal Tres Puentes, entre otros.<\/p>\n\n\n\n<p>El proyecto fue presentado hace unos meses al Concejo\nMunicipal en sesi\u00f3n ordinaria, dando cuenta&nbsp;\nque la iniciativa no contaba con un estudio de viento por ejemplo,\nse\u00f1alando los profesionales del Mop, que con vientos superiores a 60\nkil\u00f3metros, la v\u00eda elevada podr\u00eda permanecer cerrada, esto hace incomprensible\nla viabilidad del proyecto, se\u00f1al\u00f3 la concejala Aguilar, pues m\u00e1s all\u00e1 de que\neste estudio no sea solicitado formalmente, todos los ministerios o empresas\nque deseen desarrollar iniciativas de infraestructura en la comuna, debieran\nconsiderarlo.<\/p>\n\n\n\n<p>De esta manera y tras la molestia de algunos consejeros\nregionales, del presidente del Core, Tolentino Soto, y del Concejo Comunal de\nPunta Arenas, el ministerio insiste en desarrollar la iniciativa.<\/p>\n\n\n\n<p>Por lo tanto, la comisi\u00f3n de participaci\u00f3n, solicitar\u00e1 al alcalde, la realizaci\u00f3n a la brevedad de una Consulta Ciudadana, para saber cu\u00e1l es la opini\u00f3n de los vecinos al respecto, las unidades de jur\u00eddico y control trabajaran en presentar la mejor metodolog\u00eda, pero \u201ccreemos que esta es una instancia que nos merecemos, que adem\u00e1s ser\u00e1 la primera en nuestra ciudad y que se realizar\u00e1 en todos los lugares que podamos, espacios p\u00fablicos, juntas de vecinos, centros de salud familiar, v\u00eda web o redes sociales, de tal manera de que todos los puntarenenses puedan participar\u201d, se\u00f1alo la concejala Ver\u00f3nica Aguilar.<\/p>\n","protected":false},"excerpt":{"rendered":"<p>En la Comisi\u00f3n de Participaci\u00f3n Ciudadana, presidida por la concejala Ver\u00f3nica Aguilar, se habl\u00f3 sobre el mega proyecto vial que el Ministerio de Obras P\u00fablicas, pretende impulsar en la ruta&#8230; <a class=\"read-more\" href=\"https:\/\/www.radiopresidenteibanez.cl\/web\/solicitaran-al-alcalde-consulta-ciudadana-para-conocer-la-opinion-de-los-puntarenenses-en-torno-al-mega-proyecto-vial-que-el-mop-realizara-en-la-ruta-9\/\">Leer m\u00e1s<\/a><\/p>\n","protected":false},"author":2,"featured_media":5663,"comment_status":"closed","ping_status":"closed","sticky":false,"template":"","format":"standard","meta":{"footnotes":""},"categories":[1],"tags":[],"class_list":["post-5662","post","type-post","status-publish","format-standard","has-post-thumbnail","hentry","category-cronica"],"_links":{"self":[{"href":"https:\/\/www.radiopresidenteibanez.cl\/web\/wp-json\/wp\/v2\/posts\/5662","targetHints":{"allow":["GET"]}}],"collection":[{"href":"https:\/\/www.radiopresidenteibanez.cl\/web\/wp-json\/wp\/v2\/posts"}],"about":[{"href":"https:\/\/www.radiopresidenteibanez.cl\/web\/wp-json\/wp\/v2\/types\/post"}],"author":[{"embeddable":true,"href":"https:\/\/www.radiopresidenteibanez.cl\/web\/wp-json\/wp\/v2\/users\/2"}],"replies":[{"embeddable":true,"href":"https:\/\/www.radiopresidenteibanez.cl\/web\/wp-json\/wp\/v2\/comments?post=5662"}],"version-history":[{"count":0,"href":"https:\/\/www.radiopresidenteibanez.cl\/web\/wp-json\/wp\/v2\/posts\/5662\/revisions"}],"wp:featuredmedia":[{"embeddable":true,"href":"https:\/\/www.radiopresidenteibanez.cl\/web\/wp-json\/wp\/v2\/media\/5663"}],"wp:attachment":[{"href":"https:\/\/www.radiopresidenteibanez.cl\/web\/wp-json\/wp\/v2\/media?parent=5662"}],"wp:term":[{"taxonomy":"category","embeddable":true,"href":"https:\/\/www.radiopresidenteibanez.cl\/web\/wp-json\/wp\/v2\/categories?post=5662"},{"taxonomy":"post_tag","embeddable":true,"href":"https:\/\/www.radiopresidenteibanez.cl\/web\/wp-json\/wp\/v2\/tags?post=5662"}],"curies":[{"name":"wp","href":"https:\/\/api.w.org\/{rel}","templated":true}]}}