{"id":566,"date":"2019-01-18T17:54:04","date_gmt":"2019-01-18T17:54:04","guid":{"rendered":"http:\/\/www.radiopresidenteibanez.cl\/web\/?p=566"},"modified":"2019-01-18T17:54:20","modified_gmt":"2019-01-18T17:54:20","slug":"energia-magallanes-inicia-trabajo-colaborativo-con-amumag","status":"publish","type":"post","link":"https:\/\/www.radiopresidenteibanez.cl\/web\/energia-magallanes-inicia-trabajo-colaborativo-con-amumag\/","title":{"rendered":"ENERG\u00cdA MAGALLANES INICIA TRABAJO COLABORATIVO CON AMUMAG"},"content":{"rendered":"\n<p>Hasta las dependencias de la Secretar\u00eda Regional de Energ\u00eda, llegaron los profesionales de la Asociaci\u00f3n de Municipalidades de Magallanes (<strong>Amumag<\/strong>) para presentar sus objetivos estrat\u00e9gicos en diversas materias, entre ellas, las de orden energ\u00e9tico.<\/p>\n\n\n\n<p>En este sentido, los profesionales de Amumag recibieron el respaldo de sus pares de&nbsp;<strong>Energ\u00eda Magallanes<\/strong>, quienes se pusieron a disposici\u00f3n para iniciar un \u201ctrabajo colaborativo que contribuya a mejorar la calidad de vida de las familias magall\u00e1nicas\u201d, dijeron. &nbsp;<\/p>\n\n\n\n<p><strong>ALINEADOS CON LA RUTA ENERG\u00c9TICA<\/strong><\/p>\n\n\n\n<p>\u201cSomos servidores p\u00fablicos, lo cual nos compromete doblemente. Por un lado, con nuestros colegas y, por otro y en virtud de este compromiso, con todos los chilenos, especialmente con quienes presentan un mayor d\u00e9ficit energ\u00e9tico en la regi\u00f3n.<\/p>\n\n\n\n<p>\u201dPara esto, nuestro Seremi don&nbsp;<strong>Nolberto S\u00e1ez,&nbsp;<\/strong>nos ha pedido que tengamos una Secretar\u00eda de Energ\u00eda abierta a la comunidad, con prioridad en los proyectos que reduzcan la vulnerabilidad energ\u00e9tica de nuestros compatriotas\u201d, sostuvo Paola Toledo, profesional de Energ\u00eda Magallanes.<\/p>\n\n\n\n<p>Esta l\u00ednea es uno puntos importantes de la pol\u00edtica ministerial, donde la titular de Energ\u00eda&nbsp;<strong>Susana Jim\u00e9nez<\/strong>, est\u00e1 poniendo el acento, de cara a los objetivos energ\u00e9ticos de la cartera que comanda. &nbsp;&nbsp;&nbsp;&nbsp;&nbsp;&nbsp;&nbsp;<\/p>\n\n\n\n<p>Es por ello que la ministra Jim\u00e9nez ha sido enf\u00e1tica en se\u00f1alar que el Gobierno del Presidente&nbsp;<strong>Sebasti\u00e1n Pi\u00f1era<\/strong>liderar\u00e1 la modernizaci\u00f3n energ\u00e9tica de Chile d\u00e1ndole a este proceso un fuerte sello ciudadano.<\/p>\n\n\n\n<p>Luego de conocer los objetivos que Amumag se propone en temas energ\u00e9ticos, los profesionales de la cartera regional de Energ\u00eda, compartieron sus competencias y \u00e1reas de especializaci\u00f3n (energ\u00edas sostenibles, eficiencia energ\u00e9tica, educaci\u00f3n, proyectos, etc) para definir la forma m\u00e1s id\u00f3nea de generar el aporte t\u00e9cnico.<\/p>\n\n\n\n<p>Adem\u00e1s, Energ\u00eda Magallanes comparti\u00f3 su parrilla de proyectos y estado de los mismos (actualmente en gesti\u00f3n), junto con la minuta informativa del&nbsp;<strong>5to Fondo de Acceso a la Energ\u00eda (FAE) 2018 -2019.<\/strong><\/p>\n\n\n\n<p>Sumado a esto conocieron los ejes estrat\u00e9gicos ministeriales tras recibir la versi\u00f3n digital v\u00eda c\u00f3digo QR de la&nbsp;<strong>Ruta Energ\u00e9tica 2018 \u2013 2022.<\/strong><\/p>\n\n\n\n<p>Por su parte,&nbsp;<strong>Weslly Jara<\/strong>, ingeniero de Amumag, agradeci\u00f3 la voluntad de sus colegas de la Seremi de Energ\u00eda para iniciar un trabajo colaborativo en sectores de inter\u00e9s com\u00fan.<\/p>\n\n\n\n<p>\u201cNos pareci\u00f3 muy interesante la reuni\u00f3n. Hemos podido conversar y darnos cuenta que podemos trabajar en conjunto; que tenemos varias tareas similares. Y tanto mejor si podemos apoyarnos en los lineamientos ministeriales. La recepci\u00f3n fue muy buena de los colegas fue muy buena; se nota que hay un buen \u00e1nimo de ayudarnos\u201d, cont\u00f3 Jara. &nbsp;&nbsp;&nbsp;<\/p>\n","protected":false},"excerpt":{"rendered":"<p>Hasta las dependencias de la Secretar\u00eda Regional de Energ\u00eda, llegaron los profesionales de la Asociaci\u00f3n de Municipalidades de Magallanes (Amumag) para presentar sus objetivos estrat\u00e9gicos en diversas materias, entre ellas,&#8230; <a class=\"read-more\" href=\"https:\/\/www.radiopresidenteibanez.cl\/web\/energia-magallanes-inicia-trabajo-colaborativo-con-amumag\/\">Leer m\u00e1s<\/a><\/p>\n","protected":false},"author":2,"featured_media":567,"comment_status":"closed","ping_status":"closed","sticky":false,"template":"","format":"standard","meta":{"footnotes":""},"categories":[1],"tags":[],"class_list":["post-566","post","type-post","status-publish","format-standard","has-post-thumbnail","hentry","category-cronica"],"_links":{"self":[{"href":"https:\/\/www.radiopresidenteibanez.cl\/web\/wp-json\/wp\/v2\/posts\/566","targetHints":{"allow":["GET"]}}],"collection":[{"href":"https:\/\/www.radiopresidenteibanez.cl\/web\/wp-json\/wp\/v2\/posts"}],"about":[{"href":"https:\/\/www.radiopresidenteibanez.cl\/web\/wp-json\/wp\/v2\/types\/post"}],"author":[{"embeddable":true,"href":"https:\/\/www.radiopresidenteibanez.cl\/web\/wp-json\/wp\/v2\/users\/2"}],"replies":[{"embeddable":true,"href":"https:\/\/www.radiopresidenteibanez.cl\/web\/wp-json\/wp\/v2\/comments?post=566"}],"version-history":[{"count":0,"href":"https:\/\/www.radiopresidenteibanez.cl\/web\/wp-json\/wp\/v2\/posts\/566\/revisions"}],"wp:featuredmedia":[{"embeddable":true,"href":"https:\/\/www.radiopresidenteibanez.cl\/web\/wp-json\/wp\/v2\/media\/567"}],"wp:attachment":[{"href":"https:\/\/www.radiopresidenteibanez.cl\/web\/wp-json\/wp\/v2\/media?parent=566"}],"wp:term":[{"taxonomy":"category","embeddable":true,"href":"https:\/\/www.radiopresidenteibanez.cl\/web\/wp-json\/wp\/v2\/categories?post=566"},{"taxonomy":"post_tag","embeddable":true,"href":"https:\/\/www.radiopresidenteibanez.cl\/web\/wp-json\/wp\/v2\/tags?post=566"}],"curies":[{"name":"wp","href":"https:\/\/api.w.org\/{rel}","templated":true}]}}