{"id":5659,"date":"2019-07-11T13:30:10","date_gmt":"2019-07-11T13:30:10","guid":{"rendered":"http:\/\/www.radiopresidenteibanez.cl\/web\/?p=5659"},"modified":"2019-07-11T13:30:24","modified_gmt":"2019-07-11T13:30:24","slug":"tradicional-gran-feria-de-libros-usados-y-de-ocasion-2019","status":"publish","type":"post","link":"https:\/\/www.radiopresidenteibanez.cl\/web\/tradicional-gran-feria-de-libros-usados-y-de-ocasion-2019\/","title":{"rendered":"TRADICIONAL GRAN FERIA DE LIBROS USADOS Y DE OCASI\u00d3N 2019:"},"content":{"rendered":"\n<p> \u00abPara incentivar la lectura y la sana entretenci\u00f3n, ya est\u00e1 aqu\u00ed en Punta Arenas! en su 19\u00b0 versi\u00f3n, la TRADICIONAL GRAN FERIA DE LIBROS USADOS Y DE OCASI\u00d3N 2019:\u00a0<\/p>\n\n\n\n<p>Miles de libros tra\u00eddos de Santiago por diversos expositores en las \u00e1reas de: Derecho, Ciencia, T\u00e9cnica, Cocina, Filosof\u00eda, Arte, Literatura, Poes\u00eda, \u00a0Historia, Auto-ayuda, libros de lectura complementaria, libros universitarios. Novelas: policiales, de ciencia ficci\u00f3n, rom\u00e1nticas, hist\u00f3ricas, \u00a0Libros raros y curiosos, Cl\u00e1sicos\u2026 Libros regionales&#8230; Vis\u00edtenos y consulte por sus libros preferidos y por los que no ha podido encontrar.<\/p>\n\n\n\n<p>Desde el lunes 8 al domingo 21 de Julio, en la Escuela Portugal de Punta Arenas, \u00a0ENTRADA LIBERADA Por calle Mejicana #527, de 10 A 20:30 Hrs., con horario continuado\u00bb\u00a0.<\/p>\n\n\n\n<p><\/p>\n","protected":false},"excerpt":{"rendered":"<p>\u00abPara incentivar la lectura y la sana entretenci\u00f3n, ya est\u00e1 aqu\u00ed en Punta Arenas! en su 19\u00b0 versi\u00f3n, la TRADICIONAL GRAN FERIA DE LIBROS USADOS Y DE OCASI\u00d3N 2019:\u00a0 Miles&#8230; <a class=\"read-more\" href=\"https:\/\/www.radiopresidenteibanez.cl\/web\/tradicional-gran-feria-de-libros-usados-y-de-ocasion-2019\/\">Leer m\u00e1s<\/a><\/p>\n","protected":false},"author":2,"featured_media":5660,"comment_status":"closed","ping_status":"closed","sticky":false,"template":"","format":"standard","meta":{"footnotes":""},"categories":[1],"tags":[],"class_list":["post-5659","post","type-post","status-publish","format-standard","has-post-thumbnail","hentry","category-cronica"],"_links":{"self":[{"href":"https:\/\/www.radiopresidenteibanez.cl\/web\/wp-json\/wp\/v2\/posts\/5659","targetHints":{"allow":["GET"]}}],"collection":[{"href":"https:\/\/www.radiopresidenteibanez.cl\/web\/wp-json\/wp\/v2\/posts"}],"about":[{"href":"https:\/\/www.radiopresidenteibanez.cl\/web\/wp-json\/wp\/v2\/types\/post"}],"author":[{"embeddable":true,"href":"https:\/\/www.radiopresidenteibanez.cl\/web\/wp-json\/wp\/v2\/users\/2"}],"replies":[{"embeddable":true,"href":"https:\/\/www.radiopresidenteibanez.cl\/web\/wp-json\/wp\/v2\/comments?post=5659"}],"version-history":[{"count":0,"href":"https:\/\/www.radiopresidenteibanez.cl\/web\/wp-json\/wp\/v2\/posts\/5659\/revisions"}],"wp:featuredmedia":[{"embeddable":true,"href":"https:\/\/www.radiopresidenteibanez.cl\/web\/wp-json\/wp\/v2\/media\/5660"}],"wp:attachment":[{"href":"https:\/\/www.radiopresidenteibanez.cl\/web\/wp-json\/wp\/v2\/media?parent=5659"}],"wp:term":[{"taxonomy":"category","embeddable":true,"href":"https:\/\/www.radiopresidenteibanez.cl\/web\/wp-json\/wp\/v2\/categories?post=5659"},{"taxonomy":"post_tag","embeddable":true,"href":"https:\/\/www.radiopresidenteibanez.cl\/web\/wp-json\/wp\/v2\/tags?post=5659"}],"curies":[{"name":"wp","href":"https:\/\/api.w.org\/{rel}","templated":true}]}}