{"id":56586,"date":"2025-05-28T11:24:24","date_gmt":"2025-05-28T14:24:24","guid":{"rendered":"https:\/\/www.radiopresidenteibanez.cl\/web\/?p=56586"},"modified":"2025-05-28T11:29:18","modified_gmt":"2025-05-28T14:29:18","slug":"registro-civil-consolida-atenciones-los-dias-lunes-en-mall-espacio-urbano","status":"publish","type":"post","link":"https:\/\/www.radiopresidenteibanez.cl\/web\/registro-civil-consolida-atenciones-los-dias-lunes-en-mall-espacio-urbano\/","title":{"rendered":"REGISTRO CIVIL CONSOLIDA ATENCIONES LOS D\u00cdAS LUNES EN MALL ESPACIO URBANO"},"content":{"rendered":"\n<p>Garantizar el acceso a la justicia y acercar los servicios del Estado a las personas m\u00e1s necesitadas<br>es una de las prioridades del Servicio de Registro Civil e Identificaci\u00f3n, que durante el presente a\u00f1o<br>mantiene diversas modalidades extraordinarias de atenci\u00f3n a nivel regional, destacando sus<br>operativos en terreno de los d\u00edas lunes en el mall \u201cEspacio Urbano Pionero\u201d.<br>As\u00ed lo resalta la Directora Regional del servicio, Lorena Bustamante N\u00fa\u00f1ez, en relaci\u00f3n a esta<br>acci\u00f3n que desarrollan cada lunes, comenzando a las 14 horas (previa entrega de n\u00fameros para la<br>atenci\u00f3n) en dependencias del primer piso del mall, en Avenida Presidente Eduardo Frei Montalva<br>N\u00b001110, por la entrada frente al estacionamiento de taxis. Dichas atenciones, que est\u00e1n a cargo<br>de su Equipo de Atenci\u00f3n en Terreno, est\u00e1n abiertas \u201ca todo p\u00fablico, espec\u00edficamente quienes no<br>alcanzan a venir dentro del horario de atenci\u00f3n a la oficina, entonces tienen la oportunidad de<br>concurrir directamente all\u00e1. O bien para quienes llegan al servicio sin hora agendada y, al no tener<br>posibilidad de ser atendidos pueden tener como alternativa esta instancia\u201d.<br>Esta modalidad se mantiene en el tiempo, agrega, gracias a la excelente disposici\u00f3n de la gerencia<br>del Mall \u201cEspacio Urbano Pionero\u201d -en especial de su Center Manager, Ecmar Rada-,<br>disponi\u00e9ndose all\u00ed de un espacio habilitado con escritorios, mesas, sillas, calefacci\u00f3n y luminarias,<br>adem\u00e1s de la ayuda brindada en difundir la atenci\u00f3n que ofrece el Servicio de Registro Civil e<br>Identificaci\u00f3n en su centro comercial. Al respecto, s\u00f3lo hizo la salvedad a que el p\u00fablico se<br>mantenga informado a trav\u00e9s de las redes sociales del servicio, dado que dichos bloques horarios<br>est\u00e1n eventualmente sujetos a peque\u00f1os reacomodos o ajustes por la afluencia de p\u00fablico (con<br>variaciones minutos antes o minutos despu\u00e9s).<br>De igual manera, la Directora Regional resalta tambi\u00e9n las atenciones domiciliarias que realiza su<br>Equipo de Atenci\u00f3n en Terreno todas las semanas en las cuatro provincias. Se incluyen atenciones<br>de c\u00e9dula de identidad para personas chilenas y c\u00f3digo de activaci\u00f3n de Clave \u00danica a personas<br>mayores de 60 a\u00f1os, embarazadas, menores de 4 a\u00f1os, personas postradas, con discapacidad y<br>cuidadores\/as habilitados\/as por el Ministerio de Desarrollo Social y Familia. Estas se insertan<br>dentro de una planificaci\u00f3n semanal, y son coordinadas junto a las diferentes atenciones que son<br>solicitadas por otras instituciones, pudiendo as\u00ed llegar a toda persona que tenga alguna dificultad<br>de poder movilizarse a sus oficinas por alg\u00fan impedimento f\u00edsico.<\/p>\n\n\n\n<p>Aquello encarna su funci\u00f3n esencial y permanente de \u201cfortalecer el trabajo que el Servicio de<br>Registro Civil e Identificaci\u00f3n desarrolla en terreno\u201d, destacando como antecedente extra que<br>desde enero a abril atendieron a un total de 559 personas (chilenas y extranjeras) en materia de<br>c\u00e9dulas de identidad, entre los diversos operativos en terreno.<br>La Seremi de Justicia y Derechos Humanos, Michelle Peutat Alvarado, valora este esfuerzo<br>institucional, que refleja el compromiso diario del Servicio de Registro Civil e Identificaci\u00f3n de<br>llegar a toda la poblaci\u00f3n a trav\u00e9s de acciones territoriales, sumada adem\u00e1s la dimensi\u00f3n integral<br>del Programa Registro Civil Te Cuida. Este se funda en la pertinencia territorial de las buenas<br>pr\u00e1cticas en g\u00e9nero y cuidados, emanadas desde las propias oficinas y funcionariado, y que<br>considera la implementaci\u00f3n de acceso universal, con la atenci\u00f3n de la inclusi\u00f3n en todas sus<br>\u00e1reas y sus diferentes oficinas.<\/p>\n","protected":false},"excerpt":{"rendered":"<p>Garantizar el acceso a la justicia y acercar los servicios del Estado a las personas m\u00e1s necesitadases una de las prioridades del Servicio de Registro Civil e Identificaci\u00f3n, que durante&#8230; <a class=\"read-more\" href=\"https:\/\/www.radiopresidenteibanez.cl\/web\/registro-civil-consolida-atenciones-los-dias-lunes-en-mall-espacio-urbano\/\">Leer m\u00e1s<\/a><\/p>\n","protected":false},"author":2,"featured_media":56587,"comment_status":"closed","ping_status":"closed","sticky":false,"template":"","format":"standard","meta":{"footnotes":""},"categories":[1],"tags":[],"class_list":["post-56586","post","type-post","status-publish","format-standard","has-post-thumbnail","hentry","category-cronica"],"_links":{"self":[{"href":"https:\/\/www.radiopresidenteibanez.cl\/web\/wp-json\/wp\/v2\/posts\/56586","targetHints":{"allow":["GET"]}}],"collection":[{"href":"https:\/\/www.radiopresidenteibanez.cl\/web\/wp-json\/wp\/v2\/posts"}],"about":[{"href":"https:\/\/www.radiopresidenteibanez.cl\/web\/wp-json\/wp\/v2\/types\/post"}],"author":[{"embeddable":true,"href":"https:\/\/www.radiopresidenteibanez.cl\/web\/wp-json\/wp\/v2\/users\/2"}],"replies":[{"embeddable":true,"href":"https:\/\/www.radiopresidenteibanez.cl\/web\/wp-json\/wp\/v2\/comments?post=56586"}],"version-history":[{"count":0,"href":"https:\/\/www.radiopresidenteibanez.cl\/web\/wp-json\/wp\/v2\/posts\/56586\/revisions"}],"wp:featuredmedia":[{"embeddable":true,"href":"https:\/\/www.radiopresidenteibanez.cl\/web\/wp-json\/wp\/v2\/media\/56587"}],"wp:attachment":[{"href":"https:\/\/www.radiopresidenteibanez.cl\/web\/wp-json\/wp\/v2\/media?parent=56586"}],"wp:term":[{"taxonomy":"category","embeddable":true,"href":"https:\/\/www.radiopresidenteibanez.cl\/web\/wp-json\/wp\/v2\/categories?post=56586"},{"taxonomy":"post_tag","embeddable":true,"href":"https:\/\/www.radiopresidenteibanez.cl\/web\/wp-json\/wp\/v2\/tags?post=56586"}],"curies":[{"name":"wp","href":"https:\/\/api.w.org\/{rel}","templated":true}]}}