{"id":56562,"date":"2025-05-27T12:20:00","date_gmt":"2025-05-27T15:20:00","guid":{"rendered":"https:\/\/www.radiopresidenteibanez.cl\/web\/?p=56562"},"modified":"2025-05-27T11:22:42","modified_gmt":"2025-05-27T14:22:42","slug":"transporte-de-pasajeros-a-puerto-natales-crece-un-62-durante-abril-y-aumenta-oferta-de-vuelos","status":"publish","type":"post","link":"https:\/\/www.radiopresidenteibanez.cl\/web\/transporte-de-pasajeros-a-puerto-natales-crece-un-62-durante-abril-y-aumenta-oferta-de-vuelos\/","title":{"rendered":"TRANSPORTE DE PASAJEROS A PUERTO NATALES CRECE UN 62% DURANTE ABRIL Y AUMENTA OFERTA DE VUELOS"},"content":{"rendered":"\n<p><strong>&nbsp;<\/strong>Es conocida como la puerta de entrada al Parque Nacional Torres del Paine y hoy tambi\u00e9n como la ruta a\u00e9rea dom\u00e9stica con m\u00e1s crecimiento en los \u00faltimos meses. Puerto Natales recibi\u00f3 12.150 pasajeros en abril, lo que representa un aumento de un 62% en comparaci\u00f3n con el mismo mes del a\u00f1o pasado (7.493 viajeros).<\/p>\n\n\n\n<p>De acuerdo al m\u00e1s reciente Informe Mensual de Tr\u00e1fico A\u00e9reo en Chile del Ministerio de Transportes y Telecomunicaciones, en t\u00e9rminos acumulados, es decir, desde enero a abril de este a\u00f1o, Natales acumula un total de 71.507 viajeros, lo que se traduce en un crecimiento de un 36% comparado con el mismo per\u00edodo del a\u00f1o pasado.<\/p>\n\n\n\n<p>\u201cHemos detectado un importante aumento de pasajeros hacia Puerto Natales, con alzas interanuales de un 19% en enero, 41% en febrero, 35% en marzo, y un 62% durante abril. Esto se explica tambi\u00e9n por el aumento de frecuencias de vuelos directos y la incorporaci\u00f3n de nuevas rutas con escala. Sin duda, Puerto Natales es un destino que est\u00e1 creciendo, que cada a\u00f1o atrae turistas nacionales y extranjeros, y por eso desde el MTT estamos avanzando hacia la implementaci\u00f3n de un proyecto de transporte p\u00fablico mayor, porque entendemos que existe una necesidad importante de desplazamiento\u201d, asegur\u00f3 el ministro de Transportes y Telecomunicaciones, Juan Carlos Mu\u00f1oz.<\/p>\n\n\n\n<p>Respecto a la oferta a\u00e9rea hacia y desde Natales, en abril de 2025 hubo un total de 73 vuelos versus 45 del mismo mes de 2024, lo que representa un aumento de un 62%. En t\u00e9rminos acumulados, la variaci\u00f3n cuatrimestral (enero-abril) lleg\u00f3 a un 34%, lo que considera las rutas directas y con escala.<\/p>\n\n\n\n<p>En 2024, la ruta Santiago-Puerto Natales cerr\u00f3 con m\u00e1s de 124 mil pasajeros, lo que representa un 30% m\u00e1s respecto a 2023. Si sigue creciendo a este nivel, desde la Junta Aeron\u00e1utica Civil (JAC) estiman que se podr\u00eda terminar el a\u00f1o con m\u00e1s de 160 mil viajeros. \u201cNatales est\u00e1 dentro de las rutas que m\u00e1s ha aportado al resultado dom\u00e9stico total, al menos en los \u00faltimos tres meses y esperamos que lo siga haciendo durante todo 2025\u201d, agreg\u00f3 el secretario general de la Junta de Aeron\u00e1utica Civil (JAC), Mart\u00edn Mackenna.<\/p>\n\n\n\n<p><strong>Buses de alto est\u00e1ndar para Natales<\/strong><\/p>\n\n\n\n<p>El proyecto de transporte p\u00fablico urbano mayor para la capital de la provincia de \u00daltima Esperanza contempla tres servicios con buses de alto est\u00e1ndar, es decir, que tendr\u00e1n piso bajo para accesibilidad universal, Wifi, conectores USB para cargar celulares, c\u00e1maras de seguridad, entre otras caracter\u00edsticas. Las bases del concurso fueron ingresadas en abril a Contralor\u00eda para la toma de raz\u00f3n.&nbsp;<\/p>\n","protected":false},"excerpt":{"rendered":"<p>&nbsp;Es conocida como la puerta de entrada al Parque Nacional Torres del Paine y hoy tambi\u00e9n como la ruta a\u00e9rea dom\u00e9stica con m\u00e1s crecimiento en los \u00faltimos meses. Puerto Natales&#8230; <a class=\"read-more\" href=\"https:\/\/www.radiopresidenteibanez.cl\/web\/transporte-de-pasajeros-a-puerto-natales-crece-un-62-durante-abril-y-aumenta-oferta-de-vuelos\/\">Leer m\u00e1s<\/a><\/p>\n","protected":false},"author":2,"featured_media":56563,"comment_status":"closed","ping_status":"closed","sticky":false,"template":"","format":"standard","meta":{"footnotes":""},"categories":[1],"tags":[],"class_list":["post-56562","post","type-post","status-publish","format-standard","has-post-thumbnail","hentry","category-cronica"],"_links":{"self":[{"href":"https:\/\/www.radiopresidenteibanez.cl\/web\/wp-json\/wp\/v2\/posts\/56562","targetHints":{"allow":["GET"]}}],"collection":[{"href":"https:\/\/www.radiopresidenteibanez.cl\/web\/wp-json\/wp\/v2\/posts"}],"about":[{"href":"https:\/\/www.radiopresidenteibanez.cl\/web\/wp-json\/wp\/v2\/types\/post"}],"author":[{"embeddable":true,"href":"https:\/\/www.radiopresidenteibanez.cl\/web\/wp-json\/wp\/v2\/users\/2"}],"replies":[{"embeddable":true,"href":"https:\/\/www.radiopresidenteibanez.cl\/web\/wp-json\/wp\/v2\/comments?post=56562"}],"version-history":[{"count":0,"href":"https:\/\/www.radiopresidenteibanez.cl\/web\/wp-json\/wp\/v2\/posts\/56562\/revisions"}],"wp:featuredmedia":[{"embeddable":true,"href":"https:\/\/www.radiopresidenteibanez.cl\/web\/wp-json\/wp\/v2\/media\/56563"}],"wp:attachment":[{"href":"https:\/\/www.radiopresidenteibanez.cl\/web\/wp-json\/wp\/v2\/media?parent=56562"}],"wp:term":[{"taxonomy":"category","embeddable":true,"href":"https:\/\/www.radiopresidenteibanez.cl\/web\/wp-json\/wp\/v2\/categories?post=56562"},{"taxonomy":"post_tag","embeddable":true,"href":"https:\/\/www.radiopresidenteibanez.cl\/web\/wp-json\/wp\/v2\/tags?post=56562"}],"curies":[{"name":"wp","href":"https:\/\/api.w.org\/{rel}","templated":true}]}}