{"id":56546,"date":"2025-05-26T17:51:00","date_gmt":"2025-05-26T20:51:00","guid":{"rendered":"https:\/\/www.radiopresidenteibanez.cl\/web\/?p=56546"},"modified":"2025-05-26T14:42:33","modified_gmt":"2025-05-26T17:42:33","slug":"en-la-umag-once-estudiantes-argentinos-se-benefician-con-beca-de-integracion-transfronteriza-austral","status":"publish","type":"post","link":"https:\/\/www.radiopresidenteibanez.cl\/web\/en-la-umag-once-estudiantes-argentinos-se-benefician-con-beca-de-integracion-transfronteriza-austral\/","title":{"rendered":"En la UMAG: once estudiantes argentinos se benefician con Beca de Integraci\u00f3n Transfronteriza Austral"},"content":{"rendered":"\n<p>En una ceremonia realizada en la Universidad de Magallanes (UMAG), se reconoci\u00f3 a las y los once estudiantes provenientes de las provincias argentinas de Santa Cruz y Tierra del Fuego beneficiados, este a\u00f1o, con la&nbsp;<strong>Beca de Integraci\u00f3n Transfronteriza Austral<\/strong>, impulsada por la&nbsp;<a href=\"https:\/\/www.agcid.gob.cl\/\" target=\"_blank\" rel=\"noreferrer noopener\">Agencia Chilena de Cooperaci\u00f3n Internacional para el Desarrollo (AGCID)<\/a>&nbsp;y la propia casa de estudios.<\/p>\n\n\n\n<p>De los once j\u00f3venes actualmente beneficiados, siete de ellos iniciaron este 2025 su formaci\u00f3n en carreras t\u00e9cnicas y profesionales que ofrece la casa de estudios, en el contexto de esta beca que se ofrece desde 2018 y que fortalece la integraci\u00f3n regional a trav\u00e9s de la educaci\u00f3n superior.<\/p>\n\n\n\n<p>El rector de la Universidad de Magallanes,&nbsp;<strong>Jos\u00e9 Maripani,<\/strong>&nbsp;subray\u00f3 que, este programa, representa un esfuerzo conjunto entre la AGCID y la universidad: \u201cYa han sido cerca de 30 personas las que han venido a estudiar gracias a este beneficio, y este a\u00f1o se incorporan siete m\u00e1s\u201d. El rector record\u00f3 que el inicio de esta pol\u00edtica fue fruto de una colaboraci\u00f3n con la AGCID y diversas gestiones institucionales, tanto en Punta Arenas como en R\u00edo Gallegos, con el fin de promover la oportunidad en territorio argentino.<\/p>\n\n\n\n<p>La beca contempla un estipendio mensual que entrega la AGCID, destinado a mantenci\u00f3n, materiales de estudio y transporte, mientras que la UMAG exime a las y los estudiantes del pago de matr\u00edcula y arancel en una oferta espec\u00edfica de carreras.<\/p>\n\n\n\n<p>El c\u00f3nsul de Argentina en Magallanes,&nbsp;<strong>Germ\u00e1n Gustavo Dom\u00ednguez,<\/strong>&nbsp;valor\u00f3 profundamente el programa: \u201cLo vemos como una excelente oportunidad para estudiantes de R\u00edo Gallegos, incluso de otras partes de la provincia de Santa Cruz y tambi\u00e9n de Tierra del Fuego. Es un programa interesante, una beca de cinco a\u00f1os en la cual la UMAG, junto con la AGCID, ha hecho un gran esfuerzo que apreciamos y valoramos. Sin dudas, es otro paso importante en la integraci\u00f3n regional\u201d.<\/p>\n\n\n\n<p><strong>Testimonios desde la experiencia estudiantil<\/strong><\/p>\n\n\n\n<p>La ceremonia, realizada en la Sala de Consejo de Rector\u00eda y convocada por la Direcci\u00f3n de Asuntos Estudiantiles de la UMAG (DAE), permiti\u00f3 conocer a cuatro de los siete estudiantes beneficiados este a\u00f1o.<\/p>\n\n\n\n<p><strong>Mayra Rosales,<\/strong>&nbsp;estudiante de primer a\u00f1o de Nutrici\u00f3n y Diet\u00e9tica, lleg\u00f3 desde R\u00edo Grande, Tierra del Fuego. \u201cGracias a esta beca pude venir. Fue una oportunidad muy grande que no cualquiera puede conseguir. Donde yo iba a estudiar, en mi provincia, esta carrera no estaba, as\u00ed que encontr\u00e9 la oportunidad ac\u00e1 y vine\u201d, expres\u00f3.<\/p>\n\n\n\n<p><strong>Fernando Pascuale,<\/strong>&nbsp;oriundo de Tolhuin, tambi\u00e9n en Tierra del Fuego, cursa la carrera t\u00e9cnica en Eficiencia Energ\u00e9tica y Energ\u00edas No Convencionales. Coment\u00f3 que la decisi\u00f3n de postular signific\u00f3 meses de organizaci\u00f3n: \u201cNo es f\u00e1cil mudarse a otro pa\u00eds, aunque sea para estudiar. La idiosincrasia es distinta, pero uno se va acostumbrando a la manera de vivir del pa\u00eds vecino\u201d.<\/p>\n\n\n\n<p><strong>Melanie D\u00edaz<\/strong>, de R\u00edo Gallegos, opt\u00f3 por estudiar Trabajo Social motivada por razones familiares y culturales. \u201cMis pap\u00e1s son chilenos y quer\u00eda conocer m\u00e1s sobre la cultura y vivir en Punta Arenas, donde vive casi toda mi familia\u201d, relat\u00f3.<\/p>\n\n\n\n<p><strong>Lautaro Soto,<\/strong>&nbsp;estudiante de Kinesiolog\u00eda, tambi\u00e9n proveniente de R\u00edo Gallegos, destac\u00f3 la cercan\u00eda geogr\u00e1fica y familiar como una ventaja importante al optar por esta beca. \u201cIba a estudiar en Buenos Aires, pero era mucho gasto y aqu\u00ed tengo a la familia de mi pap\u00e1. Me gust\u00f3 mucho la UMAG, me estoy adaptando bien\u201d, asegur\u00f3.<\/p>\n\n\n\n<p>El rector Maripani resalt\u00f3 que esta beca refleja el esp\u00edritu de colaboraci\u00f3n entre pueblos vecinos, asegurando que \u201csolo nos separa una frontera pol\u00edtica, pero en la pr\u00e1ctica somos una comunidad mucho m\u00e1s integrada. Muchos chilenos han ido a estudiar a Argentina, y con esta beca, tambi\u00e9n hay j\u00f3venes argentinos form\u00e1ndose aqu\u00ed. Como instituci\u00f3n, creemos que contribuir al desarrollo de capital humano en esta zona extrema del planeta es una misi\u00f3n clave\u201d.<\/p>\n","protected":false},"excerpt":{"rendered":"<p>En una ceremonia realizada en la Universidad de Magallanes (UMAG), se reconoci\u00f3 a las y los once estudiantes provenientes de las provincias argentinas de Santa Cruz y Tierra del Fuego&#8230; <a class=\"read-more\" href=\"https:\/\/www.radiopresidenteibanez.cl\/web\/en-la-umag-once-estudiantes-argentinos-se-benefician-con-beca-de-integracion-transfronteriza-austral\/\">Leer m\u00e1s<\/a><\/p>\n","protected":false},"author":2,"featured_media":56547,"comment_status":"closed","ping_status":"closed","sticky":false,"template":"","format":"standard","meta":{"footnotes":""},"categories":[1],"tags":[],"class_list":["post-56546","post","type-post","status-publish","format-standard","has-post-thumbnail","hentry","category-cronica"],"_links":{"self":[{"href":"https:\/\/www.radiopresidenteibanez.cl\/web\/wp-json\/wp\/v2\/posts\/56546","targetHints":{"allow":["GET"]}}],"collection":[{"href":"https:\/\/www.radiopresidenteibanez.cl\/web\/wp-json\/wp\/v2\/posts"}],"about":[{"href":"https:\/\/www.radiopresidenteibanez.cl\/web\/wp-json\/wp\/v2\/types\/post"}],"author":[{"embeddable":true,"href":"https:\/\/www.radiopresidenteibanez.cl\/web\/wp-json\/wp\/v2\/users\/2"}],"replies":[{"embeddable":true,"href":"https:\/\/www.radiopresidenteibanez.cl\/web\/wp-json\/wp\/v2\/comments?post=56546"}],"version-history":[{"count":0,"href":"https:\/\/www.radiopresidenteibanez.cl\/web\/wp-json\/wp\/v2\/posts\/56546\/revisions"}],"wp:featuredmedia":[{"embeddable":true,"href":"https:\/\/www.radiopresidenteibanez.cl\/web\/wp-json\/wp\/v2\/media\/56547"}],"wp:attachment":[{"href":"https:\/\/www.radiopresidenteibanez.cl\/web\/wp-json\/wp\/v2\/media?parent=56546"}],"wp:term":[{"taxonomy":"category","embeddable":true,"href":"https:\/\/www.radiopresidenteibanez.cl\/web\/wp-json\/wp\/v2\/categories?post=56546"},{"taxonomy":"post_tag","embeddable":true,"href":"https:\/\/www.radiopresidenteibanez.cl\/web\/wp-json\/wp\/v2\/tags?post=56546"}],"curies":[{"name":"wp","href":"https:\/\/api.w.org\/{rel}","templated":true}]}}