{"id":5650,"date":"2019-07-09T20:19:58","date_gmt":"2019-07-09T20:19:58","guid":{"rendered":"http:\/\/www.radiopresidenteibanez.cl\/web\/?p=5650"},"modified":"2019-07-09T20:20:07","modified_gmt":"2019-07-09T20:20:07","slug":"pdi-investiga-el-fallecimiento-de-un-hombre-hallado-en-un-camion","status":"publish","type":"post","link":"https:\/\/www.radiopresidenteibanez.cl\/web\/pdi-investiga-el-fallecimiento-de-un-hombre-hallado-en-un-camion\/","title":{"rendered":"PDI INVESTIGA EL FALLECIMIENTO DE UN HOMBRE HALLADO EN UN CAMI\u00d3N"},"content":{"rendered":"\n<p>Como D.A.P.V. de 49 a\u00f1os fue identificado el hombre\nque la noche de este lunes 8 de julio, fue hallado sin vida al interior de un\ncami\u00f3n en la prolongaci\u00f3n de la calle Capit\u00e1n Guillermos, en el sector Llau\nLlau en Punta Arenas. La Brigada de Homicidios junto a peritos del Laboratorio\nde Criminal\u00edstica Regional realizan la investigaci\u00f3n del fallecimiento, por\ninstrucci\u00f3n del fiscal de turno. <\/p>\n\n\n\n<p>Tras el trabajo cient\u00edfico t\u00e9cnico realizado por\ndetectives y peritos, el comisario Jos\u00e9 Luis Lillo, jefe (S) de la Brigada de\nHomicidios Punta Arenas, manifest\u00f3 que \u201cde acuerdo al reconocimiento externo\npolicial, el cad\u00e1ver no presentaba lesiones externas atribuibles a terceras\npersonas\u201d.<\/p>\n\n\n\n<p>Seg\u00fan los antecedentes recabados por la PDI, el hombre\nse desempe\u00f1aba como transportista y el domingo reci\u00e9n pasado hab\u00eda llegado a la\ncapital magall\u00e1nica con el fin de trasladar una carga. La data de muerte, seg\u00fan\nestimaron los detectives una vez hallado el cuerpo, fluct\u00faa entre las 22 y 24\nhoras. <\/p>\n\n\n\n<p>Finalmente, el comisario Jos\u00e9 Luis Lillo se\u00f1al\u00f3 que la causa posible de muerte, es un infarto agudo al miocardio, la que deber\u00e1 ser corroborada por la autopsia de rigor realizada en el Servicio M\u00e9dico Legal. <\/p>\n","protected":false},"excerpt":{"rendered":"<p>Como D.A.P.V. de 49 a\u00f1os fue identificado el hombre que la noche de este lunes 8 de julio, fue hallado sin vida al interior de un cami\u00f3n en la prolongaci\u00f3n&#8230; <a class=\"read-more\" href=\"https:\/\/www.radiopresidenteibanez.cl\/web\/pdi-investiga-el-fallecimiento-de-un-hombre-hallado-en-un-camion\/\">Leer m\u00e1s<\/a><\/p>\n","protected":false},"author":2,"featured_media":5651,"comment_status":"closed","ping_status":"closed","sticky":false,"template":"","format":"standard","meta":{"footnotes":""},"categories":[6],"tags":[],"class_list":["post-5650","post","type-post","status-publish","format-standard","has-post-thumbnail","hentry","category-policial"],"_links":{"self":[{"href":"https:\/\/www.radiopresidenteibanez.cl\/web\/wp-json\/wp\/v2\/posts\/5650","targetHints":{"allow":["GET"]}}],"collection":[{"href":"https:\/\/www.radiopresidenteibanez.cl\/web\/wp-json\/wp\/v2\/posts"}],"about":[{"href":"https:\/\/www.radiopresidenteibanez.cl\/web\/wp-json\/wp\/v2\/types\/post"}],"author":[{"embeddable":true,"href":"https:\/\/www.radiopresidenteibanez.cl\/web\/wp-json\/wp\/v2\/users\/2"}],"replies":[{"embeddable":true,"href":"https:\/\/www.radiopresidenteibanez.cl\/web\/wp-json\/wp\/v2\/comments?post=5650"}],"version-history":[{"count":0,"href":"https:\/\/www.radiopresidenteibanez.cl\/web\/wp-json\/wp\/v2\/posts\/5650\/revisions"}],"wp:featuredmedia":[{"embeddable":true,"href":"https:\/\/www.radiopresidenteibanez.cl\/web\/wp-json\/wp\/v2\/media\/5651"}],"wp:attachment":[{"href":"https:\/\/www.radiopresidenteibanez.cl\/web\/wp-json\/wp\/v2\/media?parent=5650"}],"wp:term":[{"taxonomy":"category","embeddable":true,"href":"https:\/\/www.radiopresidenteibanez.cl\/web\/wp-json\/wp\/v2\/categories?post=5650"},{"taxonomy":"post_tag","embeddable":true,"href":"https:\/\/www.radiopresidenteibanez.cl\/web\/wp-json\/wp\/v2\/tags?post=5650"}],"curies":[{"name":"wp","href":"https:\/\/api.w.org\/{rel}","templated":true}]}}