{"id":56489,"date":"2025-05-23T08:13:00","date_gmt":"2025-05-23T11:13:00","guid":{"rendered":"https:\/\/www.radiopresidenteibanez.cl\/web\/?p=56489"},"modified":"2025-05-23T08:00:28","modified_gmt":"2025-05-23T11:00:28","slug":"gobierno-inaugura-segundo-condominio-de-viviendas-tuteladas-de-punta-arenas","status":"publish","type":"post","link":"https:\/\/www.radiopresidenteibanez.cl\/web\/gobierno-inaugura-segundo-condominio-de-viviendas-tuteladas-de-punta-arenas\/","title":{"rendered":"Gobierno inaugura segundo Condominio de Viviendas Tuteladas de Punta Arenas\u00a0"},"content":{"rendered":"\n<p>El Gobierno inaugur\u00f3 el segundo Condominio de Viviendas Tuteladas de la comuna de Punta Arenas, dispositivo que es parte del Sistema Nacional de Apoyos y Cuidados, Chile Cuida, que busca promover y fortalecer la autonom\u00eda de las personas mayores, dando adem\u00e1s una soluci\u00f3n habitacional concreta que incluye espacios comunitarios, talleres y apoyo psicosocial. El proyecto contempl\u00f3 de parte del Ministerio de Vivienda y Urbanismo, la construcci\u00f3n de un condominio de 25 viviendas ubicadas en el \u00e1rea urbana de la ciudad de Punta Arenas, con una superficie de 3765 m\u00b2 y una inversi\u00f3n de m\u00e1s de $2 mil millones, los que son entregados por el Serviu en comodato a Senama, instancia que se encarga de administrar los espacios.&nbsp;<\/p>\n\n\n\n<p>La ceremonia fue encabezada por la ministra de Desarrollo Social y Familia, Javiera Toro; la subsecretaria de Vivienda y Urbanismo, Gabriela Elgueta; la subsecretaria de Servicios Sociales, Francisca Gallegos; la directora nacional de Senama, Claudia Asmad; el delegado presidencial regional, Jos\u00e9 Ruiz, y el seremi de Desarrollo Social y Familia, Danilo Mimica.<\/p>\n\n\n\n<p>La ministra de Desarrollo Social y Familia, Javiera Toro, recalc\u00f3 que \u00aben este condominio van a poder vivir 25 personas mayores que van a recibir una vivienda individual, que se entrega en comodato, donde van a poder seguir desarroll\u00e1ndose con el apoyo de Senama, tambi\u00e9n en un espacio comunitario. Cuando hablamos de cuidados no hablamos de pensar la vejez de una manera asistencialista, sino como sujetos de derecho que pueden seguir desarrollando sus proyectos de vida, su autonom\u00eda y para eso se requiere apoyo del Estado, para promover la autovalencia y retrasar la dependencia. Y si bien este es un programa que tiene m\u00e1s de diez a\u00f1os, nuestro Gobierno lo ha tomado, lo ha potenciado y lo ha fortalecido, y as\u00ed lo seguiremos haciendo\u00bb.&nbsp;<\/p>\n\n\n\n<p>La subsecretaria de Vivienda y Urbanismo, Gabriela Elgueta, destac\u00f3 que \u00ablas viviendas tuteladas son parte de la estrategia de dar acceso a la vivienda digna y adecuada en sus distintas modalidades. Tenemos viviendas que se entregan en propiedad, tambi\u00e9n en arriendo en la regi\u00f3n y estas viviendas se entregan en comodato. Se realiza con una alianza con el Ministerio de Desarrollo Social y Familia a trav\u00e9s de Senama, donde el Ministerio de Vivienda financia y construye, en este caso estas 25 viviendas, as\u00ed que nos tiene muy contentos seguir con este tipo de equipamiento. Son adem\u00e1s viviendas que cumplen el mismo est\u00e1ndar que tiene la construcci\u00f3n de vivienda hoy d\u00eda en la regi\u00f3n por parte del Ministerio de Vivienda y Urbanismo, de 34 metros cuadrados, con un espacio com\u00fan de 180 metros cuadrados aproximadamente\u00bb.&nbsp;<\/p>\n\n\n\n<p>La subsecretaria de Servicios Sociales, Francisca Gallegos, agreg\u00f3 que \u00abestos condominios forman parte de Chile Cuida y buscan prolongar la autonom\u00eda de las personas mayores, particularmente aquellas que se encuentran en una situaci\u00f3n de mayor vulnerabilidad socioecon\u00f3mica. A trav\u00e9s de estos recintos, les ofrecemos una soluci\u00f3n habitacional de calidad, pero tambi\u00e9n la oportunidad de crear redes de apoyo con los otros habitantes de cada condominio y acceder a servicios que les permitir\u00e1n tener un mayor bienestar\u00bb.&nbsp;<\/p>\n\n\n\n<p>La directora nacional de Senama, Claudia Asmad, puntualiz\u00f3 que \u201ccada una de las viviendas de este CVT est\u00e1 adaptada especialmente para las necesidades que tienen las personas mayores, para fortalecer su autonom\u00eda, promover su participaci\u00f3n, integraci\u00f3n y vida en comunidad. Tenemos la convicci\u00f3n que estas viviendas cambiar\u00e1n sus historias y mejorar\u00e1n significativamente su calidad de vida, contribuyendo a la promoci\u00f3n de un envejecimiento digno, activo y saludable\u201d.<\/p>\n\n\n\n<p>El delegado Presidencial Regional, Jos\u00e9 Ruiz, detall\u00f3 que \u00abcon estas nuevas 25 viviendas, ya son 95 plazas que se encuentran en la regi\u00f3n, distribuidas en dos centros en Punta Arenas, dos en Puerto Natales y uno en Porvenir. Este condominio tambi\u00e9n cuenta con salas comunes y lo que buscamos es que puedan seguir promoviendo relaciones sociales. Est\u00e1n muy cerca de la locomoci\u00f3n colectiva, centros comerciales, entre otros servicios\u00bb. Cabe se\u00f1alar que estos Centros que se est\u00e1n construyendo en distintos puntos del pa\u00eds, son financiados por el Ministerio de Vivienda y Urbanismo que, en materia de infraestructura, provee el soporte f\u00edsico y equipamiento para su funcionamiento.&nbsp;<\/p>\n\n\n\n<p>Red Local de Apoyos y Cuidados&nbsp;<\/p>\n\n\n\n<p>La Red Local de Apoyos y Cuidados es un programa que busca mejorar la calidad de vida de las personas en situaci\u00f3n de dependencia y sus cuidadores o cuidadoras, lo que se conoce como diadas, acompa\u00f1\u00e1ndolas y apoy\u00e1ndolas.&nbsp;<\/p>\n\n\n\n<p>La ministra Toro, junto al seremi de Desarrollo Social y Familia, Danilo Mimica, visitaron a una diada usuaria de este programa, compuesta por Luis Belmar y su cuidadora y pareja, Marta Mandiola, ambos personas mayores, a quienes entregaron una rampa port\u00e1til para facilitar el desplazamiento en su vivienda y mejorar la autonom\u00eda e independencia, adem\u00e1s del bienestar y cuidado.&nbsp;<\/p>\n\n\n\n<p>&nbsp;El Seremi Mimica explic\u00f3 que el programa est\u00e1 atendiendo en la regi\u00f3n a 202 diadas o duplas, integradas por la persona que cuida y quien recibe los cuidados. \u201cEste programa, creado en 2017, ha sido fortalecido por el Gobierno del Presidente Gabriel Boric, llegando a nuevas comunas, porque entendemos que el cuidado es un trabajo y un derecho. As\u00ed se encuentra plasmado en el Sistema Chile Cuida, que busca crear una institucionalidad que lo asegure de manera universal y progresiva, con el involucramiento del Estado, el sector privado, las comunidades y las familias. Adem\u00e1s de la asistencia en psicolog\u00eda, terapia ocupacional y kinesiolog\u00eda, el programa entrega adaptaciones a la vivienda, que esta vez se orientaron en rampas port\u00e1tiles\u201d, se\u00f1al\u00f3.<\/p>\n","protected":false},"excerpt":{"rendered":"<p>El Gobierno inaugur\u00f3 el segundo Condominio de Viviendas Tuteladas de la comuna de Punta Arenas, dispositivo que es parte del Sistema Nacional de Apoyos y Cuidados, Chile Cuida, que busca&#8230; <a class=\"read-more\" href=\"https:\/\/www.radiopresidenteibanez.cl\/web\/gobierno-inaugura-segundo-condominio-de-viviendas-tuteladas-de-punta-arenas\/\">Leer m\u00e1s<\/a><\/p>\n","protected":false},"author":2,"featured_media":56490,"comment_status":"closed","ping_status":"closed","sticky":false,"template":"","format":"standard","meta":{"footnotes":""},"categories":[1],"tags":[],"class_list":["post-56489","post","type-post","status-publish","format-standard","has-post-thumbnail","hentry","category-cronica"],"_links":{"self":[{"href":"https:\/\/www.radiopresidenteibanez.cl\/web\/wp-json\/wp\/v2\/posts\/56489","targetHints":{"allow":["GET"]}}],"collection":[{"href":"https:\/\/www.radiopresidenteibanez.cl\/web\/wp-json\/wp\/v2\/posts"}],"about":[{"href":"https:\/\/www.radiopresidenteibanez.cl\/web\/wp-json\/wp\/v2\/types\/post"}],"author":[{"embeddable":true,"href":"https:\/\/www.radiopresidenteibanez.cl\/web\/wp-json\/wp\/v2\/users\/2"}],"replies":[{"embeddable":true,"href":"https:\/\/www.radiopresidenteibanez.cl\/web\/wp-json\/wp\/v2\/comments?post=56489"}],"version-history":[{"count":0,"href":"https:\/\/www.radiopresidenteibanez.cl\/web\/wp-json\/wp\/v2\/posts\/56489\/revisions"}],"wp:featuredmedia":[{"embeddable":true,"href":"https:\/\/www.radiopresidenteibanez.cl\/web\/wp-json\/wp\/v2\/media\/56490"}],"wp:attachment":[{"href":"https:\/\/www.radiopresidenteibanez.cl\/web\/wp-json\/wp\/v2\/media?parent=56489"}],"wp:term":[{"taxonomy":"category","embeddable":true,"href":"https:\/\/www.radiopresidenteibanez.cl\/web\/wp-json\/wp\/v2\/categories?post=56489"},{"taxonomy":"post_tag","embeddable":true,"href":"https:\/\/www.radiopresidenteibanez.cl\/web\/wp-json\/wp\/v2\/tags?post=56489"}],"curies":[{"name":"wp","href":"https:\/\/api.w.org\/{rel}","templated":true}]}}