{"id":56482,"date":"2025-05-22T16:49:00","date_gmt":"2025-05-22T19:49:00","guid":{"rendered":"https:\/\/www.radiopresidenteibanez.cl\/web\/?p=56482"},"modified":"2025-05-22T15:22:44","modified_gmt":"2025-05-22T18:22:44","slug":"400-jovenes-magallanicos-participaran-en-la-11-encuesta-nacional-de-juventudes","status":"publish","type":"post","link":"https:\/\/www.radiopresidenteibanez.cl\/web\/400-jovenes-magallanicos-participaran-en-la-11-encuesta-nacional-de-juventudes\/","title":{"rendered":"400 j\u00f3venes magall\u00e1nicos participar\u00e1n en la\u00a011\u00b0 Encuesta Nacional de Juventudes"},"content":{"rendered":"\n<p>Autoridades de Gobierno se congregaron en la Plaza Francisco Sampaio de Punta Arenas para realizar un llamado a contestar la 11\u00b0 Encuesta Nacional de Juventudes, que desarrolla cada tres a\u00f1os el Instituto Nacional de la Juventud (INJUV), para caracterizar a las juventudes que residen en el pa\u00eds, con el fin de entregar insumos para la implementaci\u00f3n de pol\u00edticas p\u00fablicas y aportar a la discusi\u00f3n acad\u00e9mica.<\/p>\n\n\n\n<p>La etapa de levantamiento del terreno, a cargo del Departamento de Estudios Sociales de la Pontificia Universidad Cat\u00f3lica de Chile (DESUC), se extender\u00e1 hasta el 30 de junio de 2025 y consiste en el despliegue territorial del equipo encuestador para llegar a personas j\u00f3venes de 15 a 29 a\u00f1os, de todas las regiones del pa\u00eds, tanto en zonas rurales como urbanas.<\/p>\n\n\n\n<p>En la regi\u00f3n de Magallanes y de la Ant\u00e1rtica Chilena, se encuestar\u00e1n a 400 j\u00f3venes de las comunas de Punta Arenas, Natales y Porvenir, con la participaci\u00f3n en terreno de 7 encuestadores de DESUC. Respecto al avance en la aplicaci\u00f3n de la encuesta, Punta Arenas alcanz\u00f3 un 20%, mientras que en las comunas de Natales y Porvenir el proceso de aplicaci\u00f3n comenzar\u00e1 a fines de este mes.<\/p>\n\n\n\n<p>El Delegado Presidencial Regional, Jos\u00e9 Antonio Ruiz, se\u00f1al\u00f3 que \u201cestamos haciendo un llamado a la juventud para que abran sus puertas y respondan esta encuesta del INJUV, que a nivel nacional encuestar\u00e1 a 10.000 j\u00f3venes. Este instrumento nos permitir\u00e1 como Gobierno identificar y diagnosticar las principales brechas y problem\u00e1ticas para mejorar los programas existentes y las pol\u00edticas p\u00fablicas. En nuestra regi\u00f3n la encuesta se aplicar\u00e1 a 400 j\u00f3venes de las comunas de Natales, Porvenir y Punta Arenas. La encuesta comenz\u00f3 a aplicarse en Punta Arenas y la pr\u00f3xima semana se aplicar\u00e1 a las otras comunas. Y como el porcentaje de respuesta ha sido bastante bajo hacemos este llamado a la juventud\u201d.<\/p>\n\n\n\n<p>Sobre las novedades que presenta la&nbsp;und\u00e9cima versi\u00f3n de la encuesta,&nbsp;el&nbsp;Seremi de Desarrollo Social y Familia, Danilo Mimica, coment\u00f3 que \u201cse han incorporado nuevas preguntas que buscan ampliar las dimensiones medidas y profundizar en tem\u00e1ticas que hoy tienen relevancia en nuestra sociedad. Se incorporaron preguntas sobre las labores de cuidado que realizan las juventudes y su impacto en la salud mental y en las rutinas de la vida. Asimismo, se a\u00f1adieron preguntas respecto a las motivaciones para no tener hijos, en una \u00e9poca donde la baja natalidad afecta a Chile y a otros pa\u00edses. Finalmente, esta Encuesta Nacional de Juventudes, agreg\u00f3 interrogantes relacionadas con la inteligencia artificial, la violencia ginecobst\u00e9trica, educaci\u00f3n sexual, y voluntariados\u201d.<\/p>\n\n\n\n<p>Para garantizar la seguridad y confianza de quienes respondan la encuesta se habilit\u00f3 el sitio web&nbsp;<a href=\"http:\/\/encuestanacional.injuv.gob.cl\/\" target=\"_blank\" rel=\"noreferrer noopener\">encuestanacional.injuv.gob.cl<\/a>. En esta p\u00e1gina, cualquier persona podr\u00e1 verificar la identidad de quienes realizan la encuesta ingresando su RUT, lo que permitir\u00e1 visualizar autom\u00e1ticamente sus datos.<\/p>\n\n\n\n<p>Respecto a otras medidas de seguridad, la Directora Regional del INJUV, Carla Cifuentes, explic\u00f3 que \u201cen la regi\u00f3n tenemos a 7 encuestadores y encuestadoras que cuentan con credenciales oficiales de DESUC, donde aparecen los nombres y el RUT, adem\u00e1s utilizan chaquetillas, sombreros o jockeys identificativos. La encuesta dura un tiempo estimado de 45 minutos y es importante saber que todas las respuestas son an\u00f3nimas y confidenciales, es decir, no se asociar\u00e1n con la vivienda ni con las personas que residen en ella y ser\u00e1n utilizadas \u00fanicamente para fines estad\u00edsticos\u201d.<\/p>\n\n\n\n<p>Todas las respuestas son an\u00f3nimas y confidenciales, es decir, no se asociar\u00e1n con la vivienda ni con las personas que residen en ella y ser\u00e1n utilizadas \u00fanicamente para fines estad\u00edsticos. La confidencialidad de las respuestas se encuentra protegida por la Ley 17.374 que define el Secreto Estad\u00edstico.<\/p>\n","protected":false},"excerpt":{"rendered":"<p>Autoridades de Gobierno se congregaron en la Plaza Francisco Sampaio de Punta Arenas para realizar un llamado a contestar la 11\u00b0 Encuesta Nacional de Juventudes, que desarrolla cada tres a\u00f1os&#8230; <a class=\"read-more\" href=\"https:\/\/www.radiopresidenteibanez.cl\/web\/400-jovenes-magallanicos-participaran-en-la-11-encuesta-nacional-de-juventudes\/\">Leer m\u00e1s<\/a><\/p>\n","protected":false},"author":2,"featured_media":56483,"comment_status":"closed","ping_status":"closed","sticky":false,"template":"","format":"standard","meta":{"footnotes":""},"categories":[1],"tags":[],"class_list":["post-56482","post","type-post","status-publish","format-standard","has-post-thumbnail","hentry","category-cronica"],"_links":{"self":[{"href":"https:\/\/www.radiopresidenteibanez.cl\/web\/wp-json\/wp\/v2\/posts\/56482","targetHints":{"allow":["GET"]}}],"collection":[{"href":"https:\/\/www.radiopresidenteibanez.cl\/web\/wp-json\/wp\/v2\/posts"}],"about":[{"href":"https:\/\/www.radiopresidenteibanez.cl\/web\/wp-json\/wp\/v2\/types\/post"}],"author":[{"embeddable":true,"href":"https:\/\/www.radiopresidenteibanez.cl\/web\/wp-json\/wp\/v2\/users\/2"}],"replies":[{"embeddable":true,"href":"https:\/\/www.radiopresidenteibanez.cl\/web\/wp-json\/wp\/v2\/comments?post=56482"}],"version-history":[{"count":0,"href":"https:\/\/www.radiopresidenteibanez.cl\/web\/wp-json\/wp\/v2\/posts\/56482\/revisions"}],"wp:featuredmedia":[{"embeddable":true,"href":"https:\/\/www.radiopresidenteibanez.cl\/web\/wp-json\/wp\/v2\/media\/56483"}],"wp:attachment":[{"href":"https:\/\/www.radiopresidenteibanez.cl\/web\/wp-json\/wp\/v2\/media?parent=56482"}],"wp:term":[{"taxonomy":"category","embeddable":true,"href":"https:\/\/www.radiopresidenteibanez.cl\/web\/wp-json\/wp\/v2\/categories?post=56482"},{"taxonomy":"post_tag","embeddable":true,"href":"https:\/\/www.radiopresidenteibanez.cl\/web\/wp-json\/wp\/v2\/tags?post=56482"}],"curies":[{"name":"wp","href":"https:\/\/api.w.org\/{rel}","templated":true}]}}