{"id":5647,"date":"2019-07-09T20:16:21","date_gmt":"2019-07-09T20:16:21","guid":{"rendered":"http:\/\/www.radiopresidenteibanez.cl\/web\/?p=5647"},"modified":"2019-07-09T20:16:53","modified_gmt":"2019-07-09T20:16:53","slug":"senadora-goic-destaca-aprobacion-en-forma-unanime-del-estatuto-antartico-chileno","status":"publish","type":"post","link":"https:\/\/www.radiopresidenteibanez.cl\/web\/senadora-goic-destaca-aprobacion-en-forma-unanime-del-estatuto-antartico-chileno\/","title":{"rendered":"SENADORA GOIC DESTACA APROBACI\u00d3N EN FORMA UN\u00c1NIME DEL ESTATUTO ANT\u00c1RTICO CHILENO"},"content":{"rendered":"\n<p>Durante el transcurso de este martes la Comisi\u00f3n de\nRelaciones Exteriores aprob\u00f3 en forma un\u00e1nime el Estatuto Ant\u00e1rtico Chileno,\ndando as\u00ed un nuevo paso, en su segundo tr\u00e1mite constitucional, ya que\npreviamente lo hab\u00edan hab\u00eda hecho en la Comisi\u00f3n de Zonas Extremas y\nTerritorios Especiales.<\/p>\n\n\n\n<p>As\u00ed lo inform\u00f3 la senadora Carolina Goic, quien se\u00f1al\u00f3 que\neste estatuto ha dado un nuevo paso al ser aprobado en la Comisi\u00f3n de\nRelaciones Exteriores. \u201cHoy avanzamos en torno al Estatuto Ant\u00e1rtico, y junto\ncon ello hemos planteado la posibilidad de contar con un desarrollo ant\u00e1rtico\nel cual permita, entro otro factores, fortalecer la capacidad portuaria en la\nregi\u00f3n, tener los recursos necesarios para darle continuidad a la investigaci\u00f3n\ncient\u00edfica, pero sobre todo para que la comunidad sienta como propia la\nant\u00e1rtica\u201d, expres\u00f3 la parlamentaria.<\/p>\n\n\n\n<p>La parlamentaria magall\u00e1nica agreg\u00f3 que el estatuto es un\ninstrumento jur\u00eddico de gran relevancia, porque va a permitir regular todo lo\nque significa la participaci\u00f3n de nuestro pa\u00eds en la Ant\u00e1rtica.<\/p>\n","protected":false},"excerpt":{"rendered":"<p>Durante el transcurso de este martes la Comisi\u00f3n de Relaciones Exteriores aprob\u00f3 en forma un\u00e1nime el Estatuto Ant\u00e1rtico Chileno, dando as\u00ed un nuevo paso, en su segundo tr\u00e1mite constitucional, ya&#8230; <a class=\"read-more\" href=\"https:\/\/www.radiopresidenteibanez.cl\/web\/senadora-goic-destaca-aprobacion-en-forma-unanime-del-estatuto-antartico-chileno\/\">Leer m\u00e1s<\/a><\/p>\n","protected":false},"author":2,"featured_media":5648,"comment_status":"closed","ping_status":"closed","sticky":false,"template":"","format":"standard","meta":{"footnotes":""},"categories":[1],"tags":[],"class_list":["post-5647","post","type-post","status-publish","format-standard","has-post-thumbnail","hentry","category-cronica"],"_links":{"self":[{"href":"https:\/\/www.radiopresidenteibanez.cl\/web\/wp-json\/wp\/v2\/posts\/5647","targetHints":{"allow":["GET"]}}],"collection":[{"href":"https:\/\/www.radiopresidenteibanez.cl\/web\/wp-json\/wp\/v2\/posts"}],"about":[{"href":"https:\/\/www.radiopresidenteibanez.cl\/web\/wp-json\/wp\/v2\/types\/post"}],"author":[{"embeddable":true,"href":"https:\/\/www.radiopresidenteibanez.cl\/web\/wp-json\/wp\/v2\/users\/2"}],"replies":[{"embeddable":true,"href":"https:\/\/www.radiopresidenteibanez.cl\/web\/wp-json\/wp\/v2\/comments?post=5647"}],"version-history":[{"count":0,"href":"https:\/\/www.radiopresidenteibanez.cl\/web\/wp-json\/wp\/v2\/posts\/5647\/revisions"}],"wp:featuredmedia":[{"embeddable":true,"href":"https:\/\/www.radiopresidenteibanez.cl\/web\/wp-json\/wp\/v2\/media\/5648"}],"wp:attachment":[{"href":"https:\/\/www.radiopresidenteibanez.cl\/web\/wp-json\/wp\/v2\/media?parent=5647"}],"wp:term":[{"taxonomy":"category","embeddable":true,"href":"https:\/\/www.radiopresidenteibanez.cl\/web\/wp-json\/wp\/v2\/categories?post=5647"},{"taxonomy":"post_tag","embeddable":true,"href":"https:\/\/www.radiopresidenteibanez.cl\/web\/wp-json\/wp\/v2\/tags?post=5647"}],"curies":[{"name":"wp","href":"https:\/\/api.w.org\/{rel}","templated":true}]}}