{"id":56465,"date":"2025-05-22T11:57:00","date_gmt":"2025-05-22T14:57:00","guid":{"rendered":"https:\/\/www.radiopresidenteibanez.cl\/web\/?p=56465"},"modified":"2025-05-22T11:13:54","modified_gmt":"2025-05-22T14:13:54","slug":"mas-de-500personas-participaron-en-acto-conmemorativo-de-las-glorias-navales-en-porvenir","status":"publish","type":"post","link":"https:\/\/www.radiopresidenteibanez.cl\/web\/mas-de-500personas-participaron-en-acto-conmemorativo-de-las-glorias-navales-en-porvenir\/","title":{"rendered":"MAS DE 500PERSONAS PARTICIPARON EN ACTO CONMEMORATIVO DE LAS GLORIAS NAVALES EN PORVENIR"},"content":{"rendered":"\n<p>M\u00e1s de 500 personas participaron en la conmemoraci\u00f3n de las Glorias Navales en Porvenir, un<br>evento organizado por la Delegaci\u00f3n Presidencial Provincial de Tierra del Fuego en conjunto con la<br>Armada de Chile. La jornada, llevada a cabo en el muelle de Corpesgo, permiti\u00f3 a la comunidad<br>conocer de cerca la labor de la instituci\u00f3n naval y rendir homenaje a la historia mar\u00edtima de Chile.<br>El Delegado Presidencial Provincial, Jos\u00e9 Campos Prieto, encabez\u00f3 la ceremonia, donde el buque<br>LSM-90 Elicura se convirti\u00f3 en el principal atractivo. Esta unidad naval fue dispuesta especialmente<br>para ser visitada por la comunidad, brindando a familias, estudiantes y vecinos la oportunidad de<br>recorrer sus instalaciones y aprender sobre el trabajo de la Armada en la regi\u00f3n.<br>Asimismo, ni\u00f1os y ni\u00f1as de jardines infantiles y establecimientos educacionales de la comuna<br>participaron en paseos por la Bah\u00eda de Porvenir a bordo de la embarcaci\u00f3n Alakush comandada<br>por Don Danilo Bahamonde. Esta actividad, de car\u00e1cter educativo y recreativo, permiti\u00f3 a los<br>La Delegaci\u00f3n Presidencial Provincial destac\u00f3 el \u00e9xito del evento y la importancia de fortalecer el<br>v\u00ednculo entre las instituciones y la ciudadan\u00eda en fechas tan significativas para la identidad nacional<br>como las Glorias Navales. Tanto la Delegaci\u00f3n como la Armada de Chile expresaron su gratitud por<br>la participaci\u00f3n de la comunidad y reafirmaron su compromiso con la promoci\u00f3n de actividades<br>que resalten la historia, el mar y el sentido de pertenencia territorial.<\/p>\n","protected":false},"excerpt":{"rendered":"<p>M\u00e1s de 500 personas participaron en la conmemoraci\u00f3n de las Glorias Navales en Porvenir, unevento organizado por la Delegaci\u00f3n Presidencial Provincial de Tierra del Fuego en conjunto con laArmada de&#8230; <a class=\"read-more\" href=\"https:\/\/www.radiopresidenteibanez.cl\/web\/mas-de-500personas-participaron-en-acto-conmemorativo-de-las-glorias-navales-en-porvenir\/\">Leer m\u00e1s<\/a><\/p>\n","protected":false},"author":2,"featured_media":56466,"comment_status":"closed","ping_status":"closed","sticky":false,"template":"","format":"standard","meta":{"footnotes":""},"categories":[1],"tags":[],"class_list":["post-56465","post","type-post","status-publish","format-standard","has-post-thumbnail","hentry","category-cronica"],"_links":{"self":[{"href":"https:\/\/www.radiopresidenteibanez.cl\/web\/wp-json\/wp\/v2\/posts\/56465","targetHints":{"allow":["GET"]}}],"collection":[{"href":"https:\/\/www.radiopresidenteibanez.cl\/web\/wp-json\/wp\/v2\/posts"}],"about":[{"href":"https:\/\/www.radiopresidenteibanez.cl\/web\/wp-json\/wp\/v2\/types\/post"}],"author":[{"embeddable":true,"href":"https:\/\/www.radiopresidenteibanez.cl\/web\/wp-json\/wp\/v2\/users\/2"}],"replies":[{"embeddable":true,"href":"https:\/\/www.radiopresidenteibanez.cl\/web\/wp-json\/wp\/v2\/comments?post=56465"}],"version-history":[{"count":0,"href":"https:\/\/www.radiopresidenteibanez.cl\/web\/wp-json\/wp\/v2\/posts\/56465\/revisions"}],"wp:featuredmedia":[{"embeddable":true,"href":"https:\/\/www.radiopresidenteibanez.cl\/web\/wp-json\/wp\/v2\/media\/56466"}],"wp:attachment":[{"href":"https:\/\/www.radiopresidenteibanez.cl\/web\/wp-json\/wp\/v2\/media?parent=56465"}],"wp:term":[{"taxonomy":"category","embeddable":true,"href":"https:\/\/www.radiopresidenteibanez.cl\/web\/wp-json\/wp\/v2\/categories?post=56465"},{"taxonomy":"post_tag","embeddable":true,"href":"https:\/\/www.radiopresidenteibanez.cl\/web\/wp-json\/wp\/v2\/tags?post=56465"}],"curies":[{"name":"wp","href":"https:\/\/api.w.org\/{rel}","templated":true}]}}