{"id":56461,"date":"2025-05-22T10:53:00","date_gmt":"2025-05-22T13:53:00","guid":{"rendered":"https:\/\/www.radiopresidenteibanez.cl\/web\/?p=56461"},"modified":"2025-05-22T09:50:07","modified_gmt":"2025-05-22T12:50:07","slug":"diputado-matheson-el-cde-tiene-que-hacer-la-pega-para-que-los-funcionarios-publicos-que-se-fueron-de-vacaciones-con-licencia-medica-restituyan-esos-recursos","status":"publish","type":"post","link":"https:\/\/www.radiopresidenteibanez.cl\/web\/diputado-matheson-el-cde-tiene-que-hacer-la-pega-para-que-los-funcionarios-publicos-que-se-fueron-de-vacaciones-con-licencia-medica-restituyan-esos-recursos\/","title":{"rendered":"Diputado Matheson: \u201cEl CDE tiene que hacer la pega para que los funcionarios p\u00fablicos que se fueron de vacaciones con licencia m\u00e9dica, restituyan esos recursos\u201d"},"content":{"rendered":"\n<p>Su m\u00e1s absoluto repudio manifest\u00f3 el diputado Christian Matheson, a los m\u00e1s de cinco mil casos de funcionarios p\u00fablicos en la Regi\u00f3n de Magallanes que, pese a encontrarse con licencia m\u00e9dica salieron del pa\u00eds, los que fueron detectados por una investigaci\u00f3n que llev\u00f3 a cabo la Contralor\u00eda General de la Rep\u00fablica y que fue dado a conocer este martes.<\/p>\n\n\n\n<p>Para el legislador, resulta \u201clamentable que nuestra regi\u00f3n sea la tercera del pa\u00eds con m\u00e1s casos (5.980), lo que denota un completo abuso y una total falta de fiscalizaci\u00f3n, pues estamos hablando de personas que debieron haber guardado reposo por razones m\u00e9dicas, pero que en definitiva salieron del pa\u00eds\u201d.<\/p>\n\n\n\n<p>\u201cVamos a exigir al Consejo de Defensa del Estado (CDE), que inicie un juicio de cuentas contra todos estos funcionarios p\u00fablicos que hicieron mal uso de licencias m\u00e9dicas, y que en algunos casos inclusive pueden ser fraudulentas\u201d, subray\u00f3 Matheson, pues a su juicio \u201ces deber de este organismo que se restituyan estos recursos, que son de todos los chilenos\u201d.<\/p>\n\n\n\n<p>Sin ir m\u00e1s lejos, el parlamentario magall\u00e1nico adelant\u00f3 que, en los pr\u00f3ximos d\u00edas, presentar\u00e1 un proyecto de ley para realizar modificaciones a la legislaci\u00f3n vigente \u201cpara que este tipo de situaciones no sigan ocurriendo, ni siquiera en el caso de licencias siqui\u00e1tricas\u201d.<\/p>\n\n\n\n<p>\u201cEste tipo de abusos, si bien ameritan un sumario administrativo, con el s\u00f3lo hecho de constatarse mediante informaci\u00f3n otorgada por la PDI que la persona sali\u00f3 del pa\u00eds, a menos que su tratamiento s\u00f3lo pueda realizarse en el extranjero, debiera ser causal de destituci\u00f3n del cargo, por constituir una falta grave a la probidad\u201d, cerr\u00f3 el diputado Matheson.<\/p>\n","protected":false},"excerpt":{"rendered":"<p>Su m\u00e1s absoluto repudio manifest\u00f3 el diputado Christian Matheson, a los m\u00e1s de cinco mil casos de funcionarios p\u00fablicos en la Regi\u00f3n de Magallanes que, pese a encontrarse con licencia&#8230; <a class=\"read-more\" href=\"https:\/\/www.radiopresidenteibanez.cl\/web\/diputado-matheson-el-cde-tiene-que-hacer-la-pega-para-que-los-funcionarios-publicos-que-se-fueron-de-vacaciones-con-licencia-medica-restituyan-esos-recursos\/\">Leer m\u00e1s<\/a><\/p>\n","protected":false},"author":2,"featured_media":56462,"comment_status":"closed","ping_status":"closed","sticky":false,"template":"","format":"standard","meta":{"footnotes":""},"categories":[1],"tags":[],"class_list":["post-56461","post","type-post","status-publish","format-standard","has-post-thumbnail","hentry","category-cronica"],"_links":{"self":[{"href":"https:\/\/www.radiopresidenteibanez.cl\/web\/wp-json\/wp\/v2\/posts\/56461","targetHints":{"allow":["GET"]}}],"collection":[{"href":"https:\/\/www.radiopresidenteibanez.cl\/web\/wp-json\/wp\/v2\/posts"}],"about":[{"href":"https:\/\/www.radiopresidenteibanez.cl\/web\/wp-json\/wp\/v2\/types\/post"}],"author":[{"embeddable":true,"href":"https:\/\/www.radiopresidenteibanez.cl\/web\/wp-json\/wp\/v2\/users\/2"}],"replies":[{"embeddable":true,"href":"https:\/\/www.radiopresidenteibanez.cl\/web\/wp-json\/wp\/v2\/comments?post=56461"}],"version-history":[{"count":0,"href":"https:\/\/www.radiopresidenteibanez.cl\/web\/wp-json\/wp\/v2\/posts\/56461\/revisions"}],"wp:featuredmedia":[{"embeddable":true,"href":"https:\/\/www.radiopresidenteibanez.cl\/web\/wp-json\/wp\/v2\/media\/56462"}],"wp:attachment":[{"href":"https:\/\/www.radiopresidenteibanez.cl\/web\/wp-json\/wp\/v2\/media?parent=56461"}],"wp:term":[{"taxonomy":"category","embeddable":true,"href":"https:\/\/www.radiopresidenteibanez.cl\/web\/wp-json\/wp\/v2\/categories?post=56461"},{"taxonomy":"post_tag","embeddable":true,"href":"https:\/\/www.radiopresidenteibanez.cl\/web\/wp-json\/wp\/v2\/tags?post=56461"}],"curies":[{"name":"wp","href":"https:\/\/api.w.org\/{rel}","templated":true}]}}