{"id":56459,"date":"2025-05-22T09:46:00","date_gmt":"2025-05-22T12:46:00","guid":{"rendered":"https:\/\/www.radiopresidenteibanez.cl\/web\/?p=56459"},"modified":"2025-05-22T08:48:04","modified_gmt":"2025-05-22T11:48:04","slug":"slep-magallanes-instala-nuevas-calderas-en-escuela-profesor-miguel-montecinos-de-puerto-eden","status":"publish","type":"post","link":"https:\/\/www.radiopresidenteibanez.cl\/web\/slep-magallanes-instala-nuevas-calderas-en-escuela-profesor-miguel-montecinos-de-puerto-eden\/","title":{"rendered":"SLEP Magallanes instala nuevas calderas en escuela Profesor Miguel Montecinos de Puerto Ed\u00e9n"},"content":{"rendered":"\n<p>De color turquesa y completamente nuevas son las tres calderas de la escuela Profesor Miguel<br>Montecinos de Puerto Ed\u00e9n que fueron instaladas recientemente por el equipo de infraestructura<br>del Servicio Local de Educaci\u00f3n P\u00fablica Magallanes.<br>El nuevo sistema de calefacci\u00f3n del establecimiento ya fue puesto en marcha, lo que incluy\u00f3 la<br>reposici\u00f3n de tres calderas a le\u00f1a nuevas, tres chimeneas, red de ca\u00f1er\u00edas, cambio de tuber\u00edas,<br>bombas, pruebas de humo y hermeticidad. Adem\u00e1s, en la instancia se entregaron materiales<br>el\u00e9ctricos como luminarias y focos LED autom\u00e1ticos y diferenciales.<br>Al respecto la funcionaria de mantenimiento del SLEP Magallanes, Francisca P\u00e9rez, explic\u00f3 \u201cjunto<br>con el equipo de mantenimiento e infraestructura escolar del Servicio Local hemos realizado un<br>proyecto de instalaci\u00f3n de tres calderas a le\u00f1a nuevas para el establecimiento Miguel Montecinos<br>de Puerto Ed\u00e9n\u201d.<br>Y es que este cambio en la calefacci\u00f3n del establecimiento implica importantes cambios para la<br>escuela ubicada en Puerto Ed\u00e9n, en la zona norte de la regi\u00f3n, cuya v\u00eda de acceso es a trav\u00e9s de un<br>ferry que demora aproximadamente 48 horas en llegar desde Puerto Natales.<br>\u201cNos vemos beneficiados de muchas maneras, primero por la calidad de las clases que vamos a<br>poder tener, los ni\u00f1os van a poder estar mucho m\u00e1s c\u00f3modos. Es una mejora que se estaba<br>esperando desde hace muchos a\u00f1os en la comunidad, porque este establecimiento no solo es para<br>educar, sino que para acercar a la comunidad en distintos eventos que se realizan\u201d, destac\u00f3 la<br>Profesora encargada de la escuela, Ruth \u00c1ngel.<br>Por otro lado, la apoderada de la escuela Profesor Miguel Montecinos, Patricia Negue, coment\u00f3:<br>\u201ces excelente, porque las calderas ya hab\u00edan cumplido con su vida \u00fatil, era necesario tener<br>calderas nuevas ac\u00e1 en Puerto Ed\u00e9n. Se agradece porque la instalaci\u00f3n fue muy r\u00e1pida, as\u00ed que<br>bien para los ni\u00f1os y todas las personas que trabajan en el establecimiento\u201d.<br>La inversi\u00f3n en este nuevo sistema de calefacci\u00f3n es de aproximadamente 40 millones de pesos,<br>que vienen desde la Subdirecci\u00f3n de Infraestructura del Servicio Local de Educaci\u00f3n P\u00fablica<br>Magallanes.<br>En la actualidad son 9 los estudiantes que asisten a establecimiento y que en este periodo invernal<br>se enfrentan a las duras condiciones clim\u00e1ticas de la Patagonia.<\/p>\n","protected":false},"excerpt":{"rendered":"<p>De color turquesa y completamente nuevas son las tres calderas de la escuela Profesor MiguelMontecinos de Puerto Ed\u00e9n que fueron instaladas recientemente por el equipo de infraestructuradel Servicio Local de&#8230; <a class=\"read-more\" href=\"https:\/\/www.radiopresidenteibanez.cl\/web\/slep-magallanes-instala-nuevas-calderas-en-escuela-profesor-miguel-montecinos-de-puerto-eden\/\">Leer m\u00e1s<\/a><\/p>\n","protected":false},"author":2,"featured_media":56456,"comment_status":"closed","ping_status":"closed","sticky":false,"template":"","format":"standard","meta":{"footnotes":""},"categories":[1],"tags":[],"class_list":["post-56459","post","type-post","status-publish","format-standard","has-post-thumbnail","hentry","category-cronica"],"_links":{"self":[{"href":"https:\/\/www.radiopresidenteibanez.cl\/web\/wp-json\/wp\/v2\/posts\/56459","targetHints":{"allow":["GET"]}}],"collection":[{"href":"https:\/\/www.radiopresidenteibanez.cl\/web\/wp-json\/wp\/v2\/posts"}],"about":[{"href":"https:\/\/www.radiopresidenteibanez.cl\/web\/wp-json\/wp\/v2\/types\/post"}],"author":[{"embeddable":true,"href":"https:\/\/www.radiopresidenteibanez.cl\/web\/wp-json\/wp\/v2\/users\/2"}],"replies":[{"embeddable":true,"href":"https:\/\/www.radiopresidenteibanez.cl\/web\/wp-json\/wp\/v2\/comments?post=56459"}],"version-history":[{"count":0,"href":"https:\/\/www.radiopresidenteibanez.cl\/web\/wp-json\/wp\/v2\/posts\/56459\/revisions"}],"wp:featuredmedia":[{"embeddable":true,"href":"https:\/\/www.radiopresidenteibanez.cl\/web\/wp-json\/wp\/v2\/media\/56456"}],"wp:attachment":[{"href":"https:\/\/www.radiopresidenteibanez.cl\/web\/wp-json\/wp\/v2\/media?parent=56459"}],"wp:term":[{"taxonomy":"category","embeddable":true,"href":"https:\/\/www.radiopresidenteibanez.cl\/web\/wp-json\/wp\/v2\/categories?post=56459"},{"taxonomy":"post_tag","embeddable":true,"href":"https:\/\/www.radiopresidenteibanez.cl\/web\/wp-json\/wp\/v2\/tags?post=56459"}],"curies":[{"name":"wp","href":"https:\/\/api.w.org\/{rel}","templated":true}]}}