{"id":56437,"date":"2025-05-20T03:34:52","date_gmt":"2025-05-20T06:34:52","guid":{"rendered":"https:\/\/www.radiopresidenteibanez.cl\/web\/?p=56437"},"modified":"2025-05-20T11:40:42","modified_gmt":"2025-05-20T14:40:42","slug":"mop-inicia-oficialmente-plan-invierno-en-la-region-de-magallanes-y-de-la-antartica-chilena","status":"publish","type":"post","link":"https:\/\/www.radiopresidenteibanez.cl\/web\/mop-inicia-oficialmente-plan-invierno-en-la-region-de-magallanes-y-de-la-antartica-chilena\/","title":{"rendered":"MOP inicia oficialmente Plan Invierno en la Regi\u00f3n de Magallanes y de la antartica Chilena"},"content":{"rendered":"\n<p>Este viernes 16 de mayo se inici\u00f3 oficialmente el Plan Invierno del<br>Ministerio de Obras P\u00fablicas en la Regi\u00f3n de Magallanes y de la<br>Ant\u00e1rtica Chilena, el cual ser\u00e1 ejecutado por la Direcci\u00f3n de<br>Vialidad para prevenir y dar respuesta a las emergencias que se<br>pudiesen producir en esta \u00e9poca invernal.<br>Desde las 5 de la madrugada los equipos del Ministerio de Obras<br>P\u00fablicas a trav\u00e9s de sus funcionarios, equipo provincial y contratos<br>de conservaci\u00f3n, se desplegar\u00e1n diariamente por las rutas<br>magall\u00e1nicas, brindando seguridad y el mantenimiento de las v\u00edas<br>para mantener su operatividad y conectividad.<br>En la Direcci\u00f3n Provincial de Vialidad Magallanes, se ejecut\u00f3 hoy la<br>puesta en marcha del plan con la presencia del Delegado<br>Presidencial Jos\u00e9 Ruiz, Seremi de Obras P\u00fablicas Jos\u00e9 Luis<br>Hern\u00e1ndez, Director Regional de Senapred Juan Carlos Andrades,<br>Seremi de Transportes Alejandro Goic, Director (s) de Vialidad<br>Leonel Gonz\u00e1lez y Jefe Provincial Iv\u00e1n Navarro.<br>\u201cEstamos dando inicio al plan invierno, ahora en la Provincia de<br>Magallanes, cuyo principal objetivo es otorgar seguridad a las<br>personas particularmente que transitan en la ruta, el despeje de<br>ruta 9, la ruta CH255 que considera un camino internacional y<br>todas las rutas de nuestra regi\u00f3n. Hay harta disponibilidad y<br>trabajo de parte del Ministerio de Obras P\u00fablicas y particularmente<br>de la Direcci\u00f3n de Vialidad. Ac\u00e1 podemos ver los camiones saleros<br>que disponen en la regi\u00f3n cerca de 4.000 toneladas de sal, y en la<br>provincia van a ser del orden de las 1.200, entonces estamos<br>hablando que para estas medidas de seguridad la inversi\u00f3n<br>superar\u00e1 los 3.000 millones de pesos para el plan invierno durante<br>el presente a\u00f1o 2025\u201d, dijo el Delegado Presidencial Jos\u00e9 Ruiz.<br>A\u00f1adi\u00f3 la autoridad regional junto al Seremi de Obras P\u00fablicas,<br>Jos\u00e9 Luis Hern\u00e1ndez, que \u201ceste es el trabajo que realizamos desde<\/p>\n\n\n\n<p>el sector p\u00fablico, pero para tener un buen invierno se requiere la<br>cooperaci\u00f3n de todos y todas, as\u00ed por lo mismo las<br>recomendaciones y el llamado que hacemos a la comunidad es<br>tambi\u00e9n a seguir las recomendaciones que se emiten desde la<br>informaci\u00f3n oficial y visitar previamente a los traslados en rutas<br>las redes sociales del MOP Magallanes (Facebook, Twitter e<br>Instagram), donde se va a indicar a primera hora de cada d\u00eda el<br>estado de las v\u00edas y las recomendaciones para este periodo<br>invernal\u201d.<br>Hern\u00e1ndez inform\u00f3 que el plan de invierno se extender\u00e1 durante<br>toda la temporada, inici\u00e1ndose hoy 16 de mayo y finalizando el 5<br>de septiembre.<br>\u201cEste plan considera la disposici\u00f3n de todo nuestro personal y de<br>maquinaria especializada para desarrollar labores de emergencia y<br>despeje de nieve para mantener la conectividad operativa en todas<br>las rutas y caminos de nuestra regi\u00f3n. Trabajaremos<br>incasablemente en beneficio de la comunidad y de su seguridad\u201d,<br>a\u00f1adi\u00f3 el Seremi del MOP.<\/p>\n","protected":false},"excerpt":{"rendered":"<p>Este viernes 16 de mayo se inici\u00f3 oficialmente el Plan Invierno delMinisterio de Obras P\u00fablicas en la Regi\u00f3n de Magallanes y de laAnt\u00e1rtica Chilena, el cual ser\u00e1 ejecutado por la&#8230; <a class=\"read-more\" href=\"https:\/\/www.radiopresidenteibanez.cl\/web\/mop-inicia-oficialmente-plan-invierno-en-la-region-de-magallanes-y-de-la-antartica-chilena\/\">Leer m\u00e1s<\/a><\/p>\n","protected":false},"author":2,"featured_media":56438,"comment_status":"closed","ping_status":"closed","sticky":false,"template":"","format":"standard","meta":{"footnotes":""},"categories":[1],"tags":[],"class_list":["post-56437","post","type-post","status-publish","format-standard","has-post-thumbnail","hentry","category-cronica"],"_links":{"self":[{"href":"https:\/\/www.radiopresidenteibanez.cl\/web\/wp-json\/wp\/v2\/posts\/56437","targetHints":{"allow":["GET"]}}],"collection":[{"href":"https:\/\/www.radiopresidenteibanez.cl\/web\/wp-json\/wp\/v2\/posts"}],"about":[{"href":"https:\/\/www.radiopresidenteibanez.cl\/web\/wp-json\/wp\/v2\/types\/post"}],"author":[{"embeddable":true,"href":"https:\/\/www.radiopresidenteibanez.cl\/web\/wp-json\/wp\/v2\/users\/2"}],"replies":[{"embeddable":true,"href":"https:\/\/www.radiopresidenteibanez.cl\/web\/wp-json\/wp\/v2\/comments?post=56437"}],"version-history":[{"count":0,"href":"https:\/\/www.radiopresidenteibanez.cl\/web\/wp-json\/wp\/v2\/posts\/56437\/revisions"}],"wp:featuredmedia":[{"embeddable":true,"href":"https:\/\/www.radiopresidenteibanez.cl\/web\/wp-json\/wp\/v2\/media\/56438"}],"wp:attachment":[{"href":"https:\/\/www.radiopresidenteibanez.cl\/web\/wp-json\/wp\/v2\/media?parent=56437"}],"wp:term":[{"taxonomy":"category","embeddable":true,"href":"https:\/\/www.radiopresidenteibanez.cl\/web\/wp-json\/wp\/v2\/categories?post=56437"},{"taxonomy":"post_tag","embeddable":true,"href":"https:\/\/www.radiopresidenteibanez.cl\/web\/wp-json\/wp\/v2\/tags?post=56437"}],"curies":[{"name":"wp","href":"https:\/\/api.w.org\/{rel}","templated":true}]}}