{"id":56432,"date":"2025-05-20T02:28:00","date_gmt":"2025-05-20T05:28:00","guid":{"rendered":"https:\/\/www.radiopresidenteibanez.cl\/web\/?p=56432"},"modified":"2025-05-20T11:04:28","modified_gmt":"2025-05-20T14:04:28","slug":"volantin-de-acuarela-regresa-la-leyenda-del-folk-rock-patagonico-vuelve-a-los-escenarios","status":"publish","type":"post","link":"https:\/\/www.radiopresidenteibanez.cl\/web\/volantin-de-acuarela-regresa-la-leyenda-del-folk-rock-patagonico-vuelve-a-los-escenarios\/","title":{"rendered":"VOLANT\u00cdN DE ACUARELA REGRESA: LA LEYENDA DEL FOLK ROCK PATAG\u00d3NICO VUELVE A LOS ESCENARIOS"},"content":{"rendered":"\n<p>Despu\u00e9s de un receso que dej\u00f3 a sus seguidores en la expectativa,&nbsp;<strong>Volant\u00edn de Acuarela<\/strong>, la ic\u00f3nica banda de&nbsp;<em>Folk Rock<\/em>&nbsp;nacida en Magallanes en 2010, marca su retorno triunfal a los escenarios con una energ\u00eda renovada y nuevas sorpresas musicales. Con una trayectoria que los llev\u00f3 a grandes festivales nacionales e internacionales, como&nbsp;<em>Festival en La Patagonia<\/em>&nbsp;(2012) y&nbsp;<em>Cosqu\u00edn Folklor<\/em>&nbsp;en Argentina, la banda se prepara para una nueva etapa, fiel a la esencia que los convirti\u00f3 en referentes de la m\u00fasica folk contempor\u00e1nea.<\/p>\n\n\n\n<p>Este regreso no solo es un reencuentro con su p\u00fablico, sino un viaje a la ra\u00edz de su identidad art\u00edstica. En su primer ensayo de 2025, los integrantes&nbsp;<strong>Julio D\u00edaz, Luis Torres, Carlos D\u00edaz, Ariel Torres, Cristian Torres, Marcos Vera<\/strong>&nbsp;y el nuevo miembro&nbsp;<strong>Gonzalo Mar\u00edn<\/strong>&nbsp;se reunieron para revivir sus mejores momentos y emprender un nuevo cap\u00edtulo musical. Con este retorno, Volant\u00edn de Acuarela reafirma su compromiso con su sonido caracter\u00edstico, mientras adelantan que se vienen&nbsp;<strong>nuevos arreglos, canciones in\u00e9ditas y una evoluci\u00f3n sonora<\/strong>.<\/p>\n\n\n\n<p><em>\u00abEstamos s\u00faper emocionados de reencontrarnos con el p\u00fablico que nos vio nacer y felices de poder tocar juntos otra vez. Queremos ofrecer la misma calidad sonora con la alegr\u00eda que nos caracteriza y la profesionalidad de la banda\u00bb<\/em>, se\u00f1ala el vocalista&nbsp;<strong>Julio Argentino D\u00edaz<\/strong>.<\/p>\n\n\n\n<p><em>\u00abSiempre estuvo en el aire la idea de volver, y finalmente logramos hacerlo realidad este 2025. Queremos invitar a productores de eventos y festivales para presentar nuestro trabajo, con nuestras cl\u00e1sicas canciones y nuevos materiales que sorprender\u00e1n al p\u00fablico\u00bb<\/em>, agrega&nbsp;<strong>Ariel Torres<\/strong>, percusionista de la banda.<\/p>\n\n\n\n<p>Como parte de su reencuentro con los seguidores,&nbsp;<strong>Volant\u00edn de Acuarela ha estrenado recientemente su \u00e1lbum \u00abPatagonia Folk Rock\u00bb en las principales plataformas de streaming<\/strong>, incluyendo&nbsp;<strong>Spotify<\/strong>. Los interesados pueden escucharlo aqu\u00ed:<\/p>\n\n\n\n<figure class=\"wp-block-embed is-type-rich is-provider-spotify wp-block-embed-spotify wp-embed-aspect-21-9 wp-has-aspect-ratio\"><div class=\"wp-block-embed__wrapper\">\n<iframe title=\"Spotify Embed: Volant\u00edn de Acuarela\" style=\"border-radius: 12px\" width=\"100%\" height=\"352\" frameborder=\"0\" allowfullscreen allow=\"autoplay; clipboard-write; encrypted-media; fullscreen; picture-in-picture\" loading=\"lazy\" src=\"https:\/\/open.spotify.com\/embed\/artist\/3kJHmyxXNYW9IHq5F6z6fw?si=hLoTKmklTDupBahzWpTOCQ&amp;utm_source=oembed\"><\/iframe>\n<\/div><\/figure>\n","protected":false},"excerpt":{"rendered":"<p>Despu\u00e9s de un receso que dej\u00f3 a sus seguidores en la expectativa,&nbsp;Volant\u00edn de Acuarela, la ic\u00f3nica banda de&nbsp;Folk Rock&nbsp;nacida en Magallanes en 2010, marca su retorno triunfal a los escenarios&#8230; <a class=\"read-more\" href=\"https:\/\/www.radiopresidenteibanez.cl\/web\/volantin-de-acuarela-regresa-la-leyenda-del-folk-rock-patagonico-vuelve-a-los-escenarios\/\">Leer m\u00e1s<\/a><\/p>\n","protected":false},"author":2,"featured_media":56433,"comment_status":"closed","ping_status":"closed","sticky":false,"template":"","format":"standard","meta":{"footnotes":""},"categories":[1],"tags":[],"class_list":["post-56432","post","type-post","status-publish","format-standard","has-post-thumbnail","hentry","category-cronica"],"_links":{"self":[{"href":"https:\/\/www.radiopresidenteibanez.cl\/web\/wp-json\/wp\/v2\/posts\/56432","targetHints":{"allow":["GET"]}}],"collection":[{"href":"https:\/\/www.radiopresidenteibanez.cl\/web\/wp-json\/wp\/v2\/posts"}],"about":[{"href":"https:\/\/www.radiopresidenteibanez.cl\/web\/wp-json\/wp\/v2\/types\/post"}],"author":[{"embeddable":true,"href":"https:\/\/www.radiopresidenteibanez.cl\/web\/wp-json\/wp\/v2\/users\/2"}],"replies":[{"embeddable":true,"href":"https:\/\/www.radiopresidenteibanez.cl\/web\/wp-json\/wp\/v2\/comments?post=56432"}],"version-history":[{"count":0,"href":"https:\/\/www.radiopresidenteibanez.cl\/web\/wp-json\/wp\/v2\/posts\/56432\/revisions"}],"wp:featuredmedia":[{"embeddable":true,"href":"https:\/\/www.radiopresidenteibanez.cl\/web\/wp-json\/wp\/v2\/media\/56433"}],"wp:attachment":[{"href":"https:\/\/www.radiopresidenteibanez.cl\/web\/wp-json\/wp\/v2\/media?parent=56432"}],"wp:term":[{"taxonomy":"category","embeddable":true,"href":"https:\/\/www.radiopresidenteibanez.cl\/web\/wp-json\/wp\/v2\/categories?post=56432"},{"taxonomy":"post_tag","embeddable":true,"href":"https:\/\/www.radiopresidenteibanez.cl\/web\/wp-json\/wp\/v2\/tags?post=56432"}],"curies":[{"name":"wp","href":"https:\/\/api.w.org\/{rel}","templated":true}]}}