{"id":56429,"date":"2025-05-20T11:53:00","date_gmt":"2025-05-20T14:53:00","guid":{"rendered":"https:\/\/www.radiopresidenteibanez.cl\/web\/?p=56429"},"modified":"2025-05-20T10:54:34","modified_gmt":"2025-05-20T13:54:34","slug":"epaustral-y-tercera-zona-naval-invitan-a-vivir-el-dia-de-los-patrimonios-en-punta-arenas-con-una-jornada-de-puertas-abiertas","status":"publish","type":"post","link":"https:\/\/www.radiopresidenteibanez.cl\/web\/epaustral-y-tercera-zona-naval-invitan-a-vivir-el-dia-de-los-patrimonios-en-punta-arenas-con-una-jornada-de-puertas-abiertas\/","title":{"rendered":"EPAUSTRAL Y TERCERA ZONA NAVAL INVITAN A VIVIR EL D\u00cdA DE LOS PATRIMONIOS EN PUNTA ARENAS CON UNA JORNADA DE PUERTAS ABIERTAS"},"content":{"rendered":"\n<p>En el marco de las celebraciones del <strong>D\u00eda de los Patrimonios 2025<\/strong>, la <strong>Tercera Zona Naval<\/strong> y la <strong>Empresa Portuaria Austral (EPAUSTRAL)<\/strong> invitan a la comunidad de Punta Arenas a participar de una jornada especial &#8211; e in\u00e9dita &#8211; de <strong>\u201cpuertas abiertas\u201d<\/strong> en el muelle Arturo Prat. La iniciativa, que busca relevar el valor hist\u00f3rico, cultural y portuario de este emblem\u00e1tico sector, se desarrollar\u00e1 el s\u00e1bado<strong> 24 de mayo<\/strong>, entre las <strong>11:00 y las 17:30 horas<\/strong>.<\/p>\n\n\n\n<p>La actividad incluir\u00e1 <strong>visitas guiadas a unidades navales atracadas<\/strong>, <strong>ejercicios demostrativos<\/strong>, <strong>muestras est\u00e1ticas<\/strong> sobre la labor de la <strong>Armada de Chile<\/strong> en la zona austral y la <strong>presentaci\u00f3n en vivo de la Banda Instrumental<\/strong> de la Tercera Zona Naval, entre otras sorpresas. Adem\u00e1s, permitir\u00e1 a la ciudadan\u00eda conocer la historia del Muelle Arturo Prat con una muestra fotogr\u00e1fica, una presentaci\u00f3n a escala de algunas de las naves que han llegado a Punta Arenas y una muestra de los proyectos de expansi\u00f3n que est\u00e1 trabajando la estatal portuaria.<\/p>\n\n\n\n<p><em>\u201cSer\u00e1 una jornada hist\u00f3rica. Vamos a abrir las puertas del Muelle Prat para que la comunidad conozca de cerca las capacidades de la Armada en esta zona. Contaremos con veh\u00edculos de Infanter\u00eda de Marina, un simulador de la Partida de Salvataje, la Banda de M\u00fasicos y diversos stands que mostrar\u00e1n nuestro quehacer diario. Adem\u00e1s, habr\u00e1 unidades atracadas en el muelle que se podr\u00e1n visitar. Estas unidades son parte viva de la historia de Magallanes, y queremos que la comunidad conozca su labor, que desde Puerto Ed\u00e9n hasta la Ant\u00e1rtica, hacen patria d\u00eda a d\u00eda, al igual que los ciudadanos que habitan esta regi\u00f3n. Est\u00e1n todos cordialmente invitados a compartir esta experiencia en familia<\/em>\u201d, se\u00f1al\u00f3 el <strong>Capit\u00e1n de Fragata Felipe Waghorn<\/strong>, oficial coordinador de las actividades del Mes del Mar 2025 de la Tercera Zona Naval.<\/p>\n\n\n\n<p>Por su parte, el <strong>Gerente General de EPAUSTRAL, Miguel Palma<\/strong>, destac\u00f3: \u201c<em>Estamos muy contentos de poder potenciar esta jornada, que vincula el Mes del Mar y el trabajo de la Armada con lo que tambi\u00e9n hacemos como empresa portuaria. Nuestras inversiones no solo se traducen en infraestructura, sino tambi\u00e9n en la manera en que nos relacionamos con el territorio. Este tipo de iniciativas nos permiten fortalecer el v\u00ednculo con la comunidad y recordar que esta infraestructura es p\u00fablica, y por tanto, parte del patrimonio de todos los ciudadanos de la regi\u00f3n. La invitaci\u00f3n es a que nos visiten en familia, a explorar y conocer una peque\u00f1a ventana de lo que hacemos d\u00eda a d\u00eda en el puerto<\/em>\u201d.<\/p>\n\n\n\n<p><strong>ACTIVIDADES DESTACADAS<\/strong><\/p>\n\n\n\n<p>El ingreso a la actividad ser\u00e1 gratuito y se realizar\u00e1 por el acceso tradicional del Muelle Prat, junto a la <strong>Torre del Reloj<\/strong>, \u00edcono del casco hist\u00f3rico de Punta Arenas. Entre las unidades navales a visitar, se contempla la presencia de unidades como el <strong>OPV 83 \u201cFuentealba\u201d <\/strong>o el <strong>PSH 77 \u201cCabrales\u201d<\/strong>, entre otras sorpresas preparadas para esta jornada de patrimonio vivo.<\/p>\n","protected":false},"excerpt":{"rendered":"<p>En el marco de las celebraciones del D\u00eda de los Patrimonios 2025, la Tercera Zona Naval y la Empresa Portuaria Austral (EPAUSTRAL) invitan a la comunidad de Punta Arenas a&#8230; <a class=\"read-more\" href=\"https:\/\/www.radiopresidenteibanez.cl\/web\/epaustral-y-tercera-zona-naval-invitan-a-vivir-el-dia-de-los-patrimonios-en-punta-arenas-con-una-jornada-de-puertas-abiertas\/\">Leer m\u00e1s<\/a><\/p>\n","protected":false},"author":2,"featured_media":56430,"comment_status":"closed","ping_status":"closed","sticky":false,"template":"","format":"standard","meta":{"footnotes":""},"categories":[1],"tags":[],"class_list":["post-56429","post","type-post","status-publish","format-standard","has-post-thumbnail","hentry","category-cronica"],"_links":{"self":[{"href":"https:\/\/www.radiopresidenteibanez.cl\/web\/wp-json\/wp\/v2\/posts\/56429","targetHints":{"allow":["GET"]}}],"collection":[{"href":"https:\/\/www.radiopresidenteibanez.cl\/web\/wp-json\/wp\/v2\/posts"}],"about":[{"href":"https:\/\/www.radiopresidenteibanez.cl\/web\/wp-json\/wp\/v2\/types\/post"}],"author":[{"embeddable":true,"href":"https:\/\/www.radiopresidenteibanez.cl\/web\/wp-json\/wp\/v2\/users\/2"}],"replies":[{"embeddable":true,"href":"https:\/\/www.radiopresidenteibanez.cl\/web\/wp-json\/wp\/v2\/comments?post=56429"}],"version-history":[{"count":0,"href":"https:\/\/www.radiopresidenteibanez.cl\/web\/wp-json\/wp\/v2\/posts\/56429\/revisions"}],"wp:featuredmedia":[{"embeddable":true,"href":"https:\/\/www.radiopresidenteibanez.cl\/web\/wp-json\/wp\/v2\/media\/56430"}],"wp:attachment":[{"href":"https:\/\/www.radiopresidenteibanez.cl\/web\/wp-json\/wp\/v2\/media?parent=56429"}],"wp:term":[{"taxonomy":"category","embeddable":true,"href":"https:\/\/www.radiopresidenteibanez.cl\/web\/wp-json\/wp\/v2\/categories?post=56429"},{"taxonomy":"post_tag","embeddable":true,"href":"https:\/\/www.radiopresidenteibanez.cl\/web\/wp-json\/wp\/v2\/tags?post=56429"}],"curies":[{"name":"wp","href":"https:\/\/api.w.org\/{rel}","templated":true}]}}