{"id":56423,"date":"2025-05-20T09:41:00","date_gmt":"2025-05-20T12:41:00","guid":{"rendered":"https:\/\/www.radiopresidenteibanez.cl\/web\/?p=56423"},"modified":"2025-05-20T08:46:04","modified_gmt":"2025-05-20T11:46:04","slug":"proyecto-explora-magallanes-se-reunio-con-comite-tematicotransdisciplinar-para-presentar-al-equipo-y-desarrollar-acciones-en-conunto","status":"publish","type":"post","link":"https:\/\/www.radiopresidenteibanez.cl\/web\/proyecto-explora-magallanes-se-reunio-con-comite-tematicotransdisciplinar-para-presentar-al-equipo-y-desarrollar-acciones-en-conunto\/","title":{"rendered":"Proyecto Explora Magallanes se reuni\u00f3 con Comit\u00e9 Tem\u00e1ticoTransdisciplinar para presentar al equipo y desarrollar acciones en conunto"},"content":{"rendered":"\n<p>El PAR Explora Magallanes se reuni\u00f3 con el Comit\u00e9 Tem\u00e1tico Transdisciplinar integrado<br>por cient\u00edficos de diferentes \u00e1reas de la Universidad de Magallanes, para presentar al<br>equipo y coordinar futuras acciones en conjunto.<br>El objetivo del Comit\u00e9 es fomentar, asesorar, proponer acciones, validar contenidos,<br>orientar y resguardar la integridad de la divulgaci\u00f3n cient\u00edfica y la educaci\u00f3n en ciencia,<br>tecnolog\u00eda e Innovaci\u00f3n, trabajando en conjunto con la comunidad escolar.<br>Adem\u00e1s ,est\u00e1 integrado por: Dra. Patricia Ver\u00f3nica Maldonado C\u00e1rdenas, Ingeniero en<br>Computaci\u00f3n e Inform\u00e1tica, Dra. Daniela Navarro-P\u00e9rez, Ingeniero Qu\u00edmico, Dr. Juan<br>Judikis, Educaci\u00f3n, MsC. McArdle Nelson, Kinesi\u00f3logo, Eduardo Armando Pino Astete,<br>Psic\u00f3logo y Dr. Pedro Alberti Villalobos , asesor cient\u00edfico de Explora y relacionador entre<br>el comit\u00e9 cient\u00edfico y proyecto Explora.<br>En la instancia, la Seremi de Ciencia de Macrozona Austral, Ver\u00f3nica Vallejos, se\u00f1alo que<br>\u201cEstamos muy contentos de haber acompa\u00f1ado al PAR Explora de la regi\u00f3n de Magallanes<br>en el d\u00eda de hoy, en donde se aprovech\u00f3 de presentar al Comit\u00e9 Transdisciplinar todas las<br>acciones y el equipo del PAR Explora que va a estar trabajando durante este periodo. Fue<br>una primera instancia de conversaci\u00f3n, cu\u00e1les son los sue\u00f1os que tiene el proyecto y as\u00ed<br>adem\u00e1s de todos los objetivos que espera lograr y sabemos los va a poder realizar sin<br>ning\u00fan problema, sobre todo con el apoyo de este comit\u00e9\u201d.<\/p>\n\n\n\n<p>Por su parte, la directora ejecutiva de PAR Explora Magallanes, Claudia Salinas, present\u00f3 al<br>equipo, y luego el Encargado de Registro, An\u00e1lisis de Datos y Cuantificaciones, Hermann<br>Reiher, expuso los instrumentos con el financiamiento del Programa Explora, del<br>Ministerio de Ciencia, Tecnolog\u00eda, Conocimiento e Innovaci\u00f3n y ejecutado por la<br>Universidad de Magallanes.<br>Al respecto, la Directora ejecutiva de PAR Explora Magallanes, Claudia Salinas dijo que \u201c<br>Agradezco a los integrantes que son parte del comit\u00e9 Transdisciplinar y que nos apoyar\u00e1<br>en nuestra acciones, cumpliendo rigurosidad cient\u00edfica y comunicando de manera efectiva<br>a la CTCI en los distintos establecimientos educacionales\u201d.<br>Finalmente, una de las integrantes, la acad\u00e9mica al Departamento de Ingenier\u00eda y<br>Qu\u00edmica de UMAG Daniela Navarro, dijo que \u201c Estoy muy feliz de ser parte del comit\u00e9<br>porque trabaj\u00e9 mucho tiempo atr\u00e1s en Explora con Margarita y con Claudia. As\u00ed que para<br>m\u00ed es volver a contribuir con todas mis ideas y mi informaci\u00f3n como cient\u00edfica,<\/p>\n\n\n\n<p>investigadora, y poder participar junto con Explora para generar estos instrumentos que<br>impactan hacia la comunidad escolar. En tanto, Nelson McArdle acad\u00e9mico de kinesiolog\u00eda<br>de la UMAG, se\u00f1al\u00f3 que \u201cestoy muy contento de empezar a trabajar en este comit\u00e9<br>transdisciplinario para hacer que nuestra universidad se vincule a las comunidades a<br>trav\u00e9s de la ciencia y llevar esta necesidad que tienen que tener nuestros ni\u00f1os de ser<br>curiosos con respecto a su aprendizaje\u201d.<\/p>\n","protected":false},"excerpt":{"rendered":"<p>El PAR Explora Magallanes se reuni\u00f3 con el Comit\u00e9 Tem\u00e1tico Transdisciplinar integradopor cient\u00edficos de diferentes \u00e1reas de la Universidad de Magallanes, para presentar alequipo y coordinar futuras acciones en conjunto.El&#8230; <a class=\"read-more\" href=\"https:\/\/www.radiopresidenteibanez.cl\/web\/proyecto-explora-magallanes-se-reunio-con-comite-tematicotransdisciplinar-para-presentar-al-equipo-y-desarrollar-acciones-en-conunto\/\">Leer m\u00e1s<\/a><\/p>\n","protected":false},"author":2,"featured_media":56424,"comment_status":"closed","ping_status":"closed","sticky":false,"template":"","format":"standard","meta":{"footnotes":""},"categories":[1],"tags":[],"class_list":["post-56423","post","type-post","status-publish","format-standard","has-post-thumbnail","hentry","category-cronica"],"_links":{"self":[{"href":"https:\/\/www.radiopresidenteibanez.cl\/web\/wp-json\/wp\/v2\/posts\/56423","targetHints":{"allow":["GET"]}}],"collection":[{"href":"https:\/\/www.radiopresidenteibanez.cl\/web\/wp-json\/wp\/v2\/posts"}],"about":[{"href":"https:\/\/www.radiopresidenteibanez.cl\/web\/wp-json\/wp\/v2\/types\/post"}],"author":[{"embeddable":true,"href":"https:\/\/www.radiopresidenteibanez.cl\/web\/wp-json\/wp\/v2\/users\/2"}],"replies":[{"embeddable":true,"href":"https:\/\/www.radiopresidenteibanez.cl\/web\/wp-json\/wp\/v2\/comments?post=56423"}],"version-history":[{"count":0,"href":"https:\/\/www.radiopresidenteibanez.cl\/web\/wp-json\/wp\/v2\/posts\/56423\/revisions"}],"wp:featuredmedia":[{"embeddable":true,"href":"https:\/\/www.radiopresidenteibanez.cl\/web\/wp-json\/wp\/v2\/media\/56424"}],"wp:attachment":[{"href":"https:\/\/www.radiopresidenteibanez.cl\/web\/wp-json\/wp\/v2\/media?parent=56423"}],"wp:term":[{"taxonomy":"category","embeddable":true,"href":"https:\/\/www.radiopresidenteibanez.cl\/web\/wp-json\/wp\/v2\/categories?post=56423"},{"taxonomy":"post_tag","embeddable":true,"href":"https:\/\/www.radiopresidenteibanez.cl\/web\/wp-json\/wp\/v2\/tags?post=56423"}],"curies":[{"name":"wp","href":"https:\/\/api.w.org\/{rel}","templated":true}]}}