{"id":56414,"date":"2025-05-20T08:13:00","date_gmt":"2025-05-20T11:13:00","guid":{"rendered":"https:\/\/www.radiopresidenteibanez.cl\/web\/?p=56414"},"modified":"2025-05-20T08:01:17","modified_gmt":"2025-05-20T11:01:17","slug":"municipio-de-cabo-de-hornos-conmemora-el-dia-mundial-del-reciclaje-con-jornada-educativa-en-puerto-williams","status":"publish","type":"post","link":"https:\/\/www.radiopresidenteibanez.cl\/web\/municipio-de-cabo-de-hornos-conmemora-el-dia-mundial-del-reciclaje-con-jornada-educativa-en-puerto-williams\/","title":{"rendered":"Municipio de Cabo de Hornos conmemora el D\u00eda Mundial del Reciclaje con jornada educativa en Puerto Williams"},"content":{"rendered":"\n<p>En una iniciativa enfocada en promover la educaci\u00f3n ambiental desde tempranas edades, la municipalidad de Cabo de Hornos celebr\u00f3 el D\u00eda Mundial del Reciclaje con una jornada especial en su centro de reciclaje, donde estudiantes de diversas edades participaron activamente en actividades did\u00e1cticas y l\u00fadicas en Puerto Williams.<\/p>\n\n\n\n<p>\u201cEs importante para nosotros reunir a los estudiantes, por sobre todo a los peque\u00f1os alumnos, en nuestro centro de reciclaje. Para eso hemos elaborado cinco estaciones de trabajo donde ellos podr\u00e1n estudiar y ver c\u00f3mo es el proceso de reciclaje, para que sean todos bienvenidos y celebrar esta fecha\u201d, explic\u00f3 el alcalde Patricio Fern\u00e1ndez.<\/p>\n\n\n\n<p>El encuentro cont\u00f3 con la presencia de alumnos de diferentes establecimientos educativos quienes disfrutaron de juegos y din\u00e1micas dise\u00f1adas para fomentar h\u00e1bitos responsables con el medioambiente. La jornada se transform\u00f3 en un espacio de aprendizaje y concientizaci\u00f3n, que integr\u00f3 diversi\u00f3n con el compromiso de cuidar el entorno natural.<\/p>\n\n\n\n<p>Desde el municipio destacaron la relevancia de estas acciones en la formaci\u00f3n de una cultura ambiental: \u201cNos apoyamos en las efem\u00e9rides del Ministerio de Medio Ambiente; todos los meses realizamos una o dos actividades de importancia con los colegios. Esta es una oportunidad para involucrar a la comunidad y fortalecer la conciencia ambiental desde temprana edad\u201d.<\/p>\n\n\n\n<p>En el marco de la celebraci\u00f3n, el municipio instal\u00f3 tres estaciones de juegos, donde los estudiantes pudieron interactuar con los procesos y materiales del reciclaje, profundizando su conocimiento sobre el manejo responsable de los residuos.<\/p>\n\n\n\n<p>Adem\u00e1s de los estudiantes, la invitaci\u00f3n estuvo abierta a toda la comunidad, reforzando el compromiso local por la sostenibilidad y el cuidado del patrimonio natural. La municipalidad de Cabo de Hornos reafirma as\u00ed su apuesta por una educaci\u00f3n ambiental activa y participativa, que busca sembrar valores para el presente y el futuro.<strong>&nbsp;<\/strong><\/p>\n","protected":false},"excerpt":{"rendered":"<p>En una iniciativa enfocada en promover la educaci\u00f3n ambiental desde tempranas edades, la municipalidad de Cabo de Hornos celebr\u00f3 el D\u00eda Mundial del Reciclaje con una jornada especial en su&#8230; <a class=\"read-more\" href=\"https:\/\/www.radiopresidenteibanez.cl\/web\/municipio-de-cabo-de-hornos-conmemora-el-dia-mundial-del-reciclaje-con-jornada-educativa-en-puerto-williams\/\">Leer m\u00e1s<\/a><\/p>\n","protected":false},"author":2,"featured_media":56415,"comment_status":"closed","ping_status":"closed","sticky":false,"template":"","format":"standard","meta":{"footnotes":""},"categories":[1],"tags":[],"class_list":["post-56414","post","type-post","status-publish","format-standard","has-post-thumbnail","hentry","category-cronica"],"_links":{"self":[{"href":"https:\/\/www.radiopresidenteibanez.cl\/web\/wp-json\/wp\/v2\/posts\/56414","targetHints":{"allow":["GET"]}}],"collection":[{"href":"https:\/\/www.radiopresidenteibanez.cl\/web\/wp-json\/wp\/v2\/posts"}],"about":[{"href":"https:\/\/www.radiopresidenteibanez.cl\/web\/wp-json\/wp\/v2\/types\/post"}],"author":[{"embeddable":true,"href":"https:\/\/www.radiopresidenteibanez.cl\/web\/wp-json\/wp\/v2\/users\/2"}],"replies":[{"embeddable":true,"href":"https:\/\/www.radiopresidenteibanez.cl\/web\/wp-json\/wp\/v2\/comments?post=56414"}],"version-history":[{"count":0,"href":"https:\/\/www.radiopresidenteibanez.cl\/web\/wp-json\/wp\/v2\/posts\/56414\/revisions"}],"wp:featuredmedia":[{"embeddable":true,"href":"https:\/\/www.radiopresidenteibanez.cl\/web\/wp-json\/wp\/v2\/media\/56415"}],"wp:attachment":[{"href":"https:\/\/www.radiopresidenteibanez.cl\/web\/wp-json\/wp\/v2\/media?parent=56414"}],"wp:term":[{"taxonomy":"category","embeddable":true,"href":"https:\/\/www.radiopresidenteibanez.cl\/web\/wp-json\/wp\/v2\/categories?post=56414"},{"taxonomy":"post_tag","embeddable":true,"href":"https:\/\/www.radiopresidenteibanez.cl\/web\/wp-json\/wp\/v2\/tags?post=56414"}],"curies":[{"name":"wp","href":"https:\/\/api.w.org\/{rel}","templated":true}]}}