{"id":5640,"date":"2019-07-09T16:23:36","date_gmt":"2019-07-09T16:23:36","guid":{"rendered":"http:\/\/www.radiopresidenteibanez.cl\/web\/?p=5640"},"modified":"2019-07-09T16:24:06","modified_gmt":"2019-07-09T16:24:06","slug":"campeon-mundial-mario-roman-de-enduro-participara-en-rally-de-los-glaciares-tierra-del-fuego-2019","status":"publish","type":"post","link":"https:\/\/www.radiopresidenteibanez.cl\/web\/campeon-mundial-mario-roman-de-enduro-participara-en-rally-de-los-glaciares-tierra-del-fuego-2019\/","title":{"rendered":"CAMPE\u00d3N MUNDIAL MARIO ROM\u00c1N DE ENDURO PARTICIPAR\u00c1 EN RALLY DE LOS GLACIARES TIERRA DEL FUEGO 2019"},"content":{"rendered":"\n<p>Con la presencia del ex campe\u00f3n mundial de moto enduro Youth, campe\u00f3n de Europa 2015 y campe\u00f3n del Red Bull Los Andes (Chile) 2018, el espa\u00f1ol Mario Rom\u00e1n, se efectuar\u00e1 la tercera versi\u00f3n del Rally Internacional de los Glaciares Tierra del Fuego programado para los d\u00edas 25, 26 y 27 de octubre, en el marco de la celebraci\u00f3n de los 500 a\u00f1os del descubrimiento del estrecho de Magallanes en 2020.<\/p>\n\n\n\n<p>El piloto hispano se unir\u00e1 al ya confirmado Tom\u00e1s de Gavardo, quien es el actual l\u00edder de la Copa del Mundo de Bajas Cross Country FIM en la categor\u00eda Junior y a otros destacados pilotos nacionales en el inicio del proceso de inscripciones.<\/p>\n\n\n\n<p>La tercera versi\u00f3n de la prueba se efectuar\u00e1 en un circuito de enduro de aproximadamente 700 kil\u00f3metros totales, de los cuales 110 ser\u00e1n de especiales, manteniendo un recorrido similar a las carreras de 2017 y 2018, ambas ganadas por el puntarenense Jos\u00e9 Hidalgo.<\/p>\n\n\n\n<p>La competencia tendr\u00e1 pruebas de enduro en las comunas de Porvenir y Timaukel (Tierra del Fuego). \u201cLa idea del rally es efectuar dos categor\u00edas: Enduro y&nbsp; Aventura para difundir y promocionar las bellezas tur\u00edsticas de Tierra del Fuego que fue precisamente su origen sobre la base de una idea que plante\u00f3 Carlo de Gavardo, fan\u00e1tico de esta zona, en el verano de 2015\u201d, explica el organizador del evento, Carlos Soto.<\/p>\n\n\n\n<p>La presencia del espa\u00f1ol Mario Rom\u00e1n, quien ya ha ganado en Chile como lo fue en el Red Bull Los Andes 2018 y que posee varios t\u00edtulos internacionales como tambi\u00e9n mundiales, es porque recibir\u00e1 la distinci\u00f3n de embajador deportivo por la conmemoraci\u00f3n de los 500 a\u00f1os del descubrimiento del estrecho de Magallanes que se celebrar\u00e1 el 21 de octubre de 2020.&nbsp;<\/p>\n\n\n\n<p>\u201cAl ser Mario Rom\u00e1n un piloto de renombre mundial, con su imagen contribuir\u00e1 a la promoci\u00f3n de nuestra isla de Tierra del Fuego, sus glaciares y por su puesto la atenci\u00f3n de turistas para venir el 2020 a celebrar los 500 a\u00f1os del descubrimiento del estrecho y de los 100 a\u00f1os del club 18 de septiembre fundado el 5 septiembre de 1920, que adem\u00e1s organiza este evento\u201d, culmina el dirigente Carlos Soto.<\/p>\n\n\n\n<p>En esta tercera versi\u00f3n del Rally Internacional de los Glaciares se volver\u00e1 a visitar el Glaciar Perry tal cual se efectu\u00f3 en 2018 con la totalidad de los participantes.<\/p>\n\n\n\n<p>El recorrido de la prueba se efectuar\u00e1 por la Ruta del Oro, Hacienda Camer\u00f3n, Lago Blanco, Lago Deseado, Lago Fagnano, Cordillera Darwin y Caleta Mar\u00eda, lugares emblem\u00e1ticos de Tierra del Fuego.<\/p>\n\n\n\n<p>La competencia ser\u00e1 financiada por el gobierno regional de Magallanes y Ant\u00e1rtica Chilena con aprobaci\u00f3n del Consejo Regional (CORE), SERNATUR, las Municipalidades de Porvenir y Timaukel; y el programa Elige Vivir Sano.\u00a0<\/p>\n\n\n\n<figure class=\"wp-block-image\"><img loading=\"lazy\" decoding=\"async\" width=\"752\" height=\"440\" src=\"https:\/\/www.radiopresidenteibanez.cl\/web\/wp-content\/uploads\/2019\/07\/Mario-Rom\u00e1n-1-752x440.jpg\" alt=\"\" class=\"wp-image-5642\" srcset=\"https:\/\/www.radiopresidenteibanez.cl\/web\/wp-content\/uploads\/2019\/07\/Mario-Rom\u00e1n-1-752x440.jpg 752w, https:\/\/www.radiopresidenteibanez.cl\/web\/wp-content\/uploads\/2019\/07\/Mario-Rom\u00e1n-1-752x440-300x176.jpg 300w\" sizes=\"auto, (max-width: 752px) 100vw, 752px\" \/><\/figure>\n","protected":false},"excerpt":{"rendered":"<p>Con la presencia del ex campe\u00f3n mundial de moto enduro Youth, campe\u00f3n de Europa 2015 y campe\u00f3n del Red Bull Los Andes (Chile) 2018, el espa\u00f1ol Mario Rom\u00e1n, se efectuar\u00e1&#8230; <a class=\"read-more\" href=\"https:\/\/www.radiopresidenteibanez.cl\/web\/campeon-mundial-mario-roman-de-enduro-participara-en-rally-de-los-glaciares-tierra-del-fuego-2019\/\">Leer m\u00e1s<\/a><\/p>\n","protected":false},"author":2,"featured_media":5642,"comment_status":"closed","ping_status":"closed","sticky":false,"template":"","format":"standard","meta":{"footnotes":""},"categories":[3],"tags":[],"class_list":["post-5640","post","type-post","status-publish","format-standard","has-post-thumbnail","hentry","category-deportes"],"_links":{"self":[{"href":"https:\/\/www.radiopresidenteibanez.cl\/web\/wp-json\/wp\/v2\/posts\/5640","targetHints":{"allow":["GET"]}}],"collection":[{"href":"https:\/\/www.radiopresidenteibanez.cl\/web\/wp-json\/wp\/v2\/posts"}],"about":[{"href":"https:\/\/www.radiopresidenteibanez.cl\/web\/wp-json\/wp\/v2\/types\/post"}],"author":[{"embeddable":true,"href":"https:\/\/www.radiopresidenteibanez.cl\/web\/wp-json\/wp\/v2\/users\/2"}],"replies":[{"embeddable":true,"href":"https:\/\/www.radiopresidenteibanez.cl\/web\/wp-json\/wp\/v2\/comments?post=5640"}],"version-history":[{"count":0,"href":"https:\/\/www.radiopresidenteibanez.cl\/web\/wp-json\/wp\/v2\/posts\/5640\/revisions"}],"wp:featuredmedia":[{"embeddable":true,"href":"https:\/\/www.radiopresidenteibanez.cl\/web\/wp-json\/wp\/v2\/media\/5642"}],"wp:attachment":[{"href":"https:\/\/www.radiopresidenteibanez.cl\/web\/wp-json\/wp\/v2\/media?parent=5640"}],"wp:term":[{"taxonomy":"category","embeddable":true,"href":"https:\/\/www.radiopresidenteibanez.cl\/web\/wp-json\/wp\/v2\/categories?post=5640"},{"taxonomy":"post_tag","embeddable":true,"href":"https:\/\/www.radiopresidenteibanez.cl\/web\/wp-json\/wp\/v2\/tags?post=5640"}],"curies":[{"name":"wp","href":"https:\/\/api.w.org\/{rel}","templated":true}]}}