{"id":5637,"date":"2019-07-09T15:47:10","date_gmt":"2019-07-09T15:47:10","guid":{"rendered":"http:\/\/www.radiopresidenteibanez.cl\/web\/?p=5637"},"modified":"2019-07-09T15:47:18","modified_gmt":"2019-07-09T15:47:18","slug":"madre-acusa-a-jardin-de-la-junji-por-caducar-matricula-a-su-hijo-de-tanto-solo-2-anos-y-6-meses-debido-a-licencia-medica","status":"publish","type":"post","link":"https:\/\/www.radiopresidenteibanez.cl\/web\/madre-acusa-a-jardin-de-la-junji-por-caducar-matricula-a-su-hijo-de-tanto-solo-2-anos-y-6-meses-debido-a-licencia-medica\/","title":{"rendered":"MADRE ACUSA A JARD\u00cdN DE LA JUNJI POR CADUCAR MATRICULA A SU HIJO DE TANTO SOLO 2 A\u00d1OS Y 6 MESES DEBIDO A LICENCIA MEDICA"},"content":{"rendered":"\n<p>Carmen Soto junto a su hijo Enzo C\u00e1rdenas de tan solo 2 a\u00f1os\ny 6 meses, han pasado por una lamentable situaci\u00f3n, luego de que el jard\u00edn\n\u201cBambi\u201d de la Junta Nacional de Jardines Infantiles (JUNJI) donde asist\u00eda el\nmenor le caducara la matricula por presentar licencia m\u00e9dica extensa, el motivo\nde la presentaci\u00f3n de esta documentaci\u00f3n es que Enzo tiene una alergia\nalimentaria y problemas cardiacos, por los que tuvo que viajar a Santiago para\nrealizar una serie de ex\u00e1menes m\u00e9dicos, as\u00ed tambi\u00e9n tiene una bronquitis por la\ncual el m\u00e9dico tratante le recomend\u00f3, quedarse en casa por lo que dure el\ninvierno.<\/p>\n\n\n\n<p>La madre del peque\u00f1o Enzo, cont\u00f3 que cuando naci\u00f3 le\ndiagnosticaron un ductus abierto persistente en el coraz\u00f3n, en esa oportunidad\nel m\u00e9dico tratante anot\u00f3 mal el medicamento que necesitaba y la matrona le dio\nuna sobredosis, de manera que una dosis del f\u00e1rmaco que tomaba equival\u00eda a diez\nmedidas de las que realmente deb\u00eda suministr\u00e1rsele.<\/p>\n\n\n\n<p>Por lo anterior sufri\u00f3 una descompensaci\u00f3n y estuvo 19 d\u00edas\nen la UTI Pedi\u00e1trica y debido a eso comenz\u00f3 con tratamientos con cardi\u00f3logos y\npediatras, y comenz\u00f3 con una alergia alimentaria.<\/p>\n\n\n\n<p>Carmen Soto, coment\u00f3 tambi\u00e9n que \u201cme parece mal que hayan\nsacado a mi hijo por una licencia, y sin que se me entregue alg\u00fan detalle m\u00e1s,\nla directora del jard\u00edn solo me dijo que le dar\u00edan el cupo a otro ni\u00f1o para as\u00ed\nno perder la subvenci\u00f3n\u201d.<\/p>\n\n\n\n<p>En horas de ayer por la tarde, Carmen Soto, se reuni\u00f3 con la Superintendencia de Educaci\u00f3n, quienes tomaron la denuncia de su caso y espera que pueda tener una respuesta favorable, as\u00ed tambi\u00e9n para que Enzo logr\u00e9 ingresar al jard\u00edn y desarrollar una vida normal.<\/p>\n\n\n\n<p>CHH.<\/p>\n\n\n\n<figure class=\"wp-block-image\"><img loading=\"lazy\" decoding=\"async\" width=\"750\" height=\"400\" src=\"https:\/\/www.radiopresidenteibanez.cl\/web\/wp-content\/uploads\/2019\/07\/img-20190211-wa0022-750x400.jpg\" alt=\"\" class=\"wp-image-5638\" srcset=\"https:\/\/www.radiopresidenteibanez.cl\/web\/wp-content\/uploads\/2019\/07\/img-20190211-wa0022-750x400.jpg 750w, https:\/\/www.radiopresidenteibanez.cl\/web\/wp-content\/uploads\/2019\/07\/img-20190211-wa0022-750x400-300x160.jpg 300w\" sizes=\"auto, (max-width: 750px) 100vw, 750px\" \/><\/figure>\n","protected":false},"excerpt":{"rendered":"<p>Carmen Soto junto a su hijo Enzo C\u00e1rdenas de tan solo 2 a\u00f1os y 6 meses, han pasado por una lamentable situaci\u00f3n, luego de que el jard\u00edn \u201cBambi\u201d de la&#8230; <a class=\"read-more\" href=\"https:\/\/www.radiopresidenteibanez.cl\/web\/madre-acusa-a-jardin-de-la-junji-por-caducar-matricula-a-su-hijo-de-tanto-solo-2-anos-y-6-meses-debido-a-licencia-medica\/\">Leer m\u00e1s<\/a><\/p>\n","protected":false},"author":2,"featured_media":5638,"comment_status":"closed","ping_status":"closed","sticky":false,"template":"","format":"standard","meta":{"footnotes":""},"categories":[1],"tags":[],"class_list":["post-5637","post","type-post","status-publish","format-standard","has-post-thumbnail","hentry","category-cronica"],"_links":{"self":[{"href":"https:\/\/www.radiopresidenteibanez.cl\/web\/wp-json\/wp\/v2\/posts\/5637","targetHints":{"allow":["GET"]}}],"collection":[{"href":"https:\/\/www.radiopresidenteibanez.cl\/web\/wp-json\/wp\/v2\/posts"}],"about":[{"href":"https:\/\/www.radiopresidenteibanez.cl\/web\/wp-json\/wp\/v2\/types\/post"}],"author":[{"embeddable":true,"href":"https:\/\/www.radiopresidenteibanez.cl\/web\/wp-json\/wp\/v2\/users\/2"}],"replies":[{"embeddable":true,"href":"https:\/\/www.radiopresidenteibanez.cl\/web\/wp-json\/wp\/v2\/comments?post=5637"}],"version-history":[{"count":0,"href":"https:\/\/www.radiopresidenteibanez.cl\/web\/wp-json\/wp\/v2\/posts\/5637\/revisions"}],"wp:featuredmedia":[{"embeddable":true,"href":"https:\/\/www.radiopresidenteibanez.cl\/web\/wp-json\/wp\/v2\/media\/5638"}],"wp:attachment":[{"href":"https:\/\/www.radiopresidenteibanez.cl\/web\/wp-json\/wp\/v2\/media?parent=5637"}],"wp:term":[{"taxonomy":"category","embeddable":true,"href":"https:\/\/www.radiopresidenteibanez.cl\/web\/wp-json\/wp\/v2\/categories?post=5637"},{"taxonomy":"post_tag","embeddable":true,"href":"https:\/\/www.radiopresidenteibanez.cl\/web\/wp-json\/wp\/v2\/tags?post=5637"}],"curies":[{"name":"wp","href":"https:\/\/api.w.org\/{rel}","templated":true}]}}