{"id":56369,"date":"2025-05-17T14:27:00","date_gmt":"2025-05-17T17:27:00","guid":{"rendered":"https:\/\/www.radiopresidenteibanez.cl\/web\/?p=56369"},"modified":"2025-05-18T02:31:35","modified_gmt":"2025-05-18T05:31:35","slug":"aobac-impulsa-evento-culinario-para-promover-el-consumo-local-de-bacalao-de-profundidad","status":"publish","type":"post","link":"https:\/\/www.radiopresidenteibanez.cl\/web\/aobac-impulsa-evento-culinario-para-promover-el-consumo-local-de-bacalao-de-profundidad\/","title":{"rendered":"AOBAC impulsa evento culinario para promover el consumo local de bacalao de profundidad"},"content":{"rendered":"\n<p>Con entusiasmo, profesionalismo y una profunda<br>conexi\u00f3n con los sabores del mar austral, se vivi\u00f3 el evento gastron\u00f3mico \u201cBacalao: Sabor<br>de las Profundidades\u201d, organizado por la Asociaci\u00f3n de Operadores de Bacalao de<br>Profundidad (AOBAC), bajo las empresas de Globalpesca, Pesca Chile y Pesca Cisne, con<br>la participaci\u00f3n de INACAP Punta Arenas, y que tuvo como protagonistas a los estudiantes<br>de gastronom\u00eda.<br>La jornada comenz\u00f3 a las 10:00 horas en el hall principal de la instituci\u00f3n, donde los 25<br>alumnos, distribuidos en cinco grupos, contaron con una hora para preparar un plato en<br>base a bacalao de profundidad. Un jurado de excelencia \u2014compuesto por In\u00e9s Coro,<br>Lorena Riquelme, Cristian Figueroa, Alfredo P\u00e9rez y la seremi de Econom\u00eda Marlene<br>Espa\u00f1a\u2014 fue el encargado de evaluar creatividad, t\u00e9cnica y sabor.<br>El proceso de preparaci\u00f3n para este concurso incluy\u00f3 semanas de trabajo previo por parte<br>de los estudiantes, quienes contaron con clases por parte de los chefs del restaurante<br>Ventisca, Cristian Moureu y Fernanda Ram\u00edrez, quienes compartieron t\u00e9cnicas espec\u00edficas<br>para trabajar correctamente este recurso marino de alto valor gastron\u00f3mico.<br>\u201cEste concurso fue fant\u00e1stico. Me encant\u00f3 la energ\u00eda, el compromiso de los estudiantes, y lo<br>que esta iniciativa representa: una forma concreta de promocionar el bacalao de<br>profundidad como producto magall\u00e1nico, dentro y fuera de la regi\u00f3n\u201d, coment\u00f3 Eduardo<br>Infante, presidente de AOBAC.<br>\u201cEl bacalao era un tema que yo creo que estaba pendiente\u201d coment\u00f3 In\u00e9s Coro,<br>representante de Gastropuq, y miembro del jurado del concurso, agregando que, \u201ccreo que<br>es una muy buena opci\u00f3n en carta. La mayor\u00eda de los restaurantes trabajamos con<br>pescados regionales porque queremos mantener el patrimonio de alimentos, de productos,<br>yo creo que no est\u00e1 tan lejano de que pueda llegar a las cartas. Feliz de que la Asociaci\u00f3n<br>de Bacalao, nos est\u00e1 dando la oportunidad a los restaurantes de tenerlo como producto<br>porque antes no ten\u00edamos acceso a ello\u201d. finaliz\u00f3<br>Por su parte, y quienes fueron los encargados de deleitar el paladar del jurado y p\u00fablico<br>asistente, Nelly Aguilar, directora de la carrera de Gastronom\u00eda de Turismo, y Digital Web,<br>dijo que, \u201cEste evento le ha dado un realce a la carrera y a nuestros estudiantes, as\u00ed que<br>estamos muy agradecimos por la invitaci\u00f3n y por toda la convocatoria. Ahora despu\u00e9s de<br>este concurso, se va hacer un recetario junto con Aobac, y eso se entregar\u00e1 a los<br>restaurantes de Punta Arenas\u201d, finaliz\u00f3 afirmando que, \u201cEstamos dispuestos a seguir<br>colaborando con la difusi\u00f3n del consumo del bacalao\u201d.<\/p>\n\n\n\n<p>Fueron tres los primeros lugares donde obtuvieron $1.000.000, $500.000, y $250.000<br>respectivamente los cuales son distribuidos equitativamente entre los integrantes de cada<br>grupo ganador.<br>Catalina Aguilera, representante del equipo \u201cAlmas de Magallanes\u201d, se llev\u00f3 el primer lugar<br>con un plato que combin\u00f3 t\u00e9cnica e identidad local: \u201cPreparamos una potaje de zanahoria<br>con menta y jengibre, un lomo de bacalao marinado en aceite de c\u00edtricos, chips de papas,<br>falso caviar y espuma de calafate. Todo se mezclaba en una explosi\u00f3n de sabores<br>deliciosos. Emocionada por el premio de un mill\u00f3n de pesos y por el reconocimiento al<br>esfuerzo invertido\u201d, dijo.<br>El grupo \u201cPasi\u00f3n Magall\u00e1nica\u201d obtuvo el 2do lugar. Rub\u00e9n Arata, al finalizar la premiaci\u00f3n<br>coment\u00f3 estar \u201ccontento por mi equipo, fue un trabajo muy provechoso, agradezco a mi<br>equipo y mi profesor que nos gui\u00f3 en todo momento. Siento que fue merecido nuestro lugar,<br>estoy feliz por eso\u201d.<br>Por su parte, Yoel Ojeda, integrante del grupo llamado \u201cHijos del Estrecho\u201d, obtuvo el 3er<br>lugar y asegur\u00f3 que no conoc\u00eda el bacalao de Magallanes, \u201cconoc\u00eda el puro nombre del<br>pescado y que era por all\u00e1 en Europa pero este no lo conoc\u00eda, al probarlo es bastante<br>suave, pens\u00e9 que era un pescado mucho m\u00e1s fuerte, en s\u00ed me gust\u00f3 y eso que yo no soy<br>bueno para los mariscos ni pescados, lo disfrut\u00e9 bastante\u201d. enfatiz\u00f3.<br>Mauricio Zamorano, capit\u00e1n de pesca de la compa\u00f1\u00eda Globalpesca, se\u00f1al\u00f3 que, \u201ces<br>important\u00edsimo que se haga part\u00edcipe a la comunidad porque este tipo de actividad, de<br>concurso no lo hab\u00eda visto nunca antes. Este bacalao se conoce bajo el dicho \u201cplato de<br>cardenales\u201d, y aqu\u00ed creo que qued\u00f3 demostrado, los j\u00f3venes lo prepararon muy bien\u201d.<br>Pasadas las 12:30 horas, el evento dio paso a una degustaci\u00f3n abierta al p\u00fablico, que atrajo<br>a cientos de personas interesadas en probar el bacalao de profundidad preparado por otros<br>45 estudiantes y docentes.<br>Fue una verdadera fiesta de sabores, que cont\u00f3 con el maridaje de Carancho Kombucha y<br>el acompa\u00f1amiento de Agua Mozomu, aportando frescura y sofisticaci\u00f3n a una experiencia<br>culinaria que combin\u00f3 lo mejor del mar y de la producci\u00f3n local. Una degustaci\u00f3n gourmet,<br>consciente y con car\u00e1cter patag\u00f3nico.<br>\u201cBacalao: Sabor de las Profundidades\u201d no solo fue un concurso, sino un puente entre la<br>pesca industrial, la formaci\u00f3n t\u00e9cnica y la comunidad. Una experiencia gourmet, con sello<br>magall\u00e1nico, que celebr\u00f3 el talento joven, el valor del producto local y el orgullo de cocinar<br>con lo mejor de nuestras aguas.<\/p>\n","protected":false},"excerpt":{"rendered":"<p>Con entusiasmo, profesionalismo y una profundaconexi\u00f3n con los sabores del mar austral, se vivi\u00f3 el evento gastron\u00f3mico \u201cBacalao: Saborde las Profundidades\u201d, organizado por la Asociaci\u00f3n de Operadores de Bacalao deProfundidad&#8230; <a class=\"read-more\" href=\"https:\/\/www.radiopresidenteibanez.cl\/web\/aobac-impulsa-evento-culinario-para-promover-el-consumo-local-de-bacalao-de-profundidad\/\">Leer m\u00e1s<\/a><\/p>\n","protected":false},"author":2,"featured_media":56370,"comment_status":"closed","ping_status":"closed","sticky":false,"template":"","format":"standard","meta":{"footnotes":""},"categories":[1],"tags":[],"class_list":["post-56369","post","type-post","status-publish","format-standard","has-post-thumbnail","hentry","category-cronica"],"_links":{"self":[{"href":"https:\/\/www.radiopresidenteibanez.cl\/web\/wp-json\/wp\/v2\/posts\/56369","targetHints":{"allow":["GET"]}}],"collection":[{"href":"https:\/\/www.radiopresidenteibanez.cl\/web\/wp-json\/wp\/v2\/posts"}],"about":[{"href":"https:\/\/www.radiopresidenteibanez.cl\/web\/wp-json\/wp\/v2\/types\/post"}],"author":[{"embeddable":true,"href":"https:\/\/www.radiopresidenteibanez.cl\/web\/wp-json\/wp\/v2\/users\/2"}],"replies":[{"embeddable":true,"href":"https:\/\/www.radiopresidenteibanez.cl\/web\/wp-json\/wp\/v2\/comments?post=56369"}],"version-history":[{"count":0,"href":"https:\/\/www.radiopresidenteibanez.cl\/web\/wp-json\/wp\/v2\/posts\/56369\/revisions"}],"wp:featuredmedia":[{"embeddable":true,"href":"https:\/\/www.radiopresidenteibanez.cl\/web\/wp-json\/wp\/v2\/media\/56370"}],"wp:attachment":[{"href":"https:\/\/www.radiopresidenteibanez.cl\/web\/wp-json\/wp\/v2\/media?parent=56369"}],"wp:term":[{"taxonomy":"category","embeddable":true,"href":"https:\/\/www.radiopresidenteibanez.cl\/web\/wp-json\/wp\/v2\/categories?post=56369"},{"taxonomy":"post_tag","embeddable":true,"href":"https:\/\/www.radiopresidenteibanez.cl\/web\/wp-json\/wp\/v2\/tags?post=56369"}],"curies":[{"name":"wp","href":"https:\/\/api.w.org\/{rel}","templated":true}]}}