{"id":5634,"date":"2019-07-09T15:41:51","date_gmt":"2019-07-09T15:41:51","guid":{"rendered":"http:\/\/www.radiopresidenteibanez.cl\/web\/?p=5634"},"modified":"2019-07-09T15:42:02","modified_gmt":"2019-07-09T15:42:02","slug":"soldados-conscriptos-de-la-iva-brigada-aerea-participaron-en-la-tradicional-vigilia-de-armas","status":"publish","type":"post","link":"https:\/\/www.radiopresidenteibanez.cl\/web\/soldados-conscriptos-de-la-iva-brigada-aerea-participaron-en-la-tradicional-vigilia-de-armas\/","title":{"rendered":"SOLDADOS CONSCRIPTOS DE LA IV\u00aa BRIGADA A\u00c9REA PARTICIPARON EN LA TRADICIONAL VIGILIA DE ARMAS"},"content":{"rendered":"\n<p>Bajo un\nmarco de profunda reflexi\u00f3n, los soldados conscriptos que se encuentran\nrealizando su servicio militar en la IV<sup>a<\/sup> Brigada A\u00e9rea participaron\nen la tradicional Vigilia de Armas.<\/p>\n\n\n\n<p>La\nceremonia, que fue presidida por el Comandante en Jefe de la Unidad General de\nBrigada A\u00e9rea (A) Eduardo Mosqueira Cruz, cont\u00f3 con la participaci\u00f3n de los comandantes\nde las unidades internas de la Base A\u00e9rea Chabunco quienes acompa\u00f1aron a los\nj\u00f3venes soldados en esta especial actividad <\/p>\n\n\n\n<p>Durante la actividad, los j\u00f3venes soldados meditaron sobre los nobles valores y tradiciones a los cuales jurar\u00e1n, recordando a los 77 soldados chilenos que, comandados por el Capit\u00e1n Ignacio Carrera Pinto, rindieron su vida en la Batalla de La Concepci\u00f3n, hace ya 137 a\u00f1os. Esta batalla es considerada como uno de los hechos m\u00e1s dram\u00e1ticos de la Guerra del Pac\u00edfico y se llev\u00f3 a cabo los d\u00edas 9 y 10 de julio de 1882.<\/p>\n\n\n\n<figure class=\"wp-block-image\"><img loading=\"lazy\" decoding=\"async\" width=\"900\" height=\"600\" src=\"https:\/\/www.radiopresidenteibanez.cl\/web\/wp-content\/uploads\/2019\/07\/DSC_0034.jpg\" alt=\"\" class=\"wp-image-5635\" srcset=\"https:\/\/www.radiopresidenteibanez.cl\/web\/wp-content\/uploads\/2019\/07\/DSC_0034.jpg 900w, https:\/\/www.radiopresidenteibanez.cl\/web\/wp-content\/uploads\/2019\/07\/DSC_0034-300x200.jpg 300w, https:\/\/www.radiopresidenteibanez.cl\/web\/wp-content\/uploads\/2019\/07\/DSC_0034-768x512.jpg 768w\" sizes=\"auto, (max-width: 900px) 100vw, 900px\" \/><\/figure>\n","protected":false},"excerpt":{"rendered":"<p>Bajo un marco de profunda reflexi\u00f3n, los soldados conscriptos que se encuentran realizando su servicio militar en la IVa Brigada A\u00e9rea participaron en la tradicional Vigilia de Armas. La ceremonia,&#8230; <a class=\"read-more\" href=\"https:\/\/www.radiopresidenteibanez.cl\/web\/soldados-conscriptos-de-la-iva-brigada-aerea-participaron-en-la-tradicional-vigilia-de-armas\/\">Leer m\u00e1s<\/a><\/p>\n","protected":false},"author":2,"featured_media":5635,"comment_status":"closed","ping_status":"closed","sticky":false,"template":"","format":"standard","meta":{"footnotes":""},"categories":[1],"tags":[],"class_list":["post-5634","post","type-post","status-publish","format-standard","has-post-thumbnail","hentry","category-cronica"],"_links":{"self":[{"href":"https:\/\/www.radiopresidenteibanez.cl\/web\/wp-json\/wp\/v2\/posts\/5634","targetHints":{"allow":["GET"]}}],"collection":[{"href":"https:\/\/www.radiopresidenteibanez.cl\/web\/wp-json\/wp\/v2\/posts"}],"about":[{"href":"https:\/\/www.radiopresidenteibanez.cl\/web\/wp-json\/wp\/v2\/types\/post"}],"author":[{"embeddable":true,"href":"https:\/\/www.radiopresidenteibanez.cl\/web\/wp-json\/wp\/v2\/users\/2"}],"replies":[{"embeddable":true,"href":"https:\/\/www.radiopresidenteibanez.cl\/web\/wp-json\/wp\/v2\/comments?post=5634"}],"version-history":[{"count":0,"href":"https:\/\/www.radiopresidenteibanez.cl\/web\/wp-json\/wp\/v2\/posts\/5634\/revisions"}],"wp:featuredmedia":[{"embeddable":true,"href":"https:\/\/www.radiopresidenteibanez.cl\/web\/wp-json\/wp\/v2\/media\/5635"}],"wp:attachment":[{"href":"https:\/\/www.radiopresidenteibanez.cl\/web\/wp-json\/wp\/v2\/media?parent=5634"}],"wp:term":[{"taxonomy":"category","embeddable":true,"href":"https:\/\/www.radiopresidenteibanez.cl\/web\/wp-json\/wp\/v2\/categories?post=5634"},{"taxonomy":"post_tag","embeddable":true,"href":"https:\/\/www.radiopresidenteibanez.cl\/web\/wp-json\/wp\/v2\/tags?post=5634"}],"curies":[{"name":"wp","href":"https:\/\/api.w.org\/{rel}","templated":true}]}}