{"id":56325,"date":"2025-05-14T16:27:00","date_gmt":"2025-05-14T19:27:00","guid":{"rendered":"https:\/\/www.radiopresidenteibanez.cl\/web\/?p=56325"},"modified":"2025-05-14T11:20:44","modified_gmt":"2025-05-14T14:20:44","slug":"entrega-de-insumos-para-personas-con-discapacidad-en-primavera","status":"publish","type":"post","link":"https:\/\/www.radiopresidenteibanez.cl\/web\/entrega-de-insumos-para-personas-con-discapacidad-en-primavera\/","title":{"rendered":"Entrega de Insumos para Personas con Discapacidad en Primavera"},"content":{"rendered":"\n<p>La Delegaci\u00f3n Presidencial Provincial de Tierra del Fuego llev\u00f3 a cabo la entrega de insumos<br>destinados a personas con discapacidad en la Comuna de Primavera. Esta iniciativa, impulsada<br>gracias a los Fondos FNDR del Gobierno Regional, busca mejorar la calidad de vida de los<br>beneficiarios y promover su inclusi\u00f3n social.<br>La actividad contempl\u00f3 la distribuci\u00f3n de diversos insumos esenciales, adaptados a las<br>necesidades espec\u00edficas de cada persona, reafirmando el compromiso de las autoridades con el<br>bienestar de la comunidad.<br>El delegado presidencial provincial, Jos\u00e9 Miguel Campos, destac\u00f3 la importancia de continuar<br>implementando pol\u00edticas p\u00fablicas que fortalezcan la equidad y el acceso a recursos<br>fundamentales, especialmente para las personas mayores. \u00abSeguimos trabajando en nuestro<br>compromiso de impulsar medidas que permitan mejorar la calidad de vida de quienes m\u00e1s lo<br>necesitan\u00bb, se\u00f1al\u00f3 la autoridad.<br>Con esta acci\u00f3n, la Delegaci\u00f3n reafirma su labor en favor de la inclusi\u00f3n y el desarrollo social,<br>brindando apoyo concreto a quienes requieren asistencia especializada.<\/p>\n","protected":false},"excerpt":{"rendered":"<p>La Delegaci\u00f3n Presidencial Provincial de Tierra del Fuego llev\u00f3 a cabo la entrega de insumosdestinados a personas con discapacidad en la Comuna de Primavera. Esta iniciativa, impulsadagracias a los Fondos&#8230; <a class=\"read-more\" href=\"https:\/\/www.radiopresidenteibanez.cl\/web\/entrega-de-insumos-para-personas-con-discapacidad-en-primavera\/\">Leer m\u00e1s<\/a><\/p>\n","protected":false},"author":2,"featured_media":56326,"comment_status":"closed","ping_status":"closed","sticky":false,"template":"","format":"standard","meta":{"footnotes":""},"categories":[1],"tags":[],"class_list":["post-56325","post","type-post","status-publish","format-standard","has-post-thumbnail","hentry","category-cronica"],"_links":{"self":[{"href":"https:\/\/www.radiopresidenteibanez.cl\/web\/wp-json\/wp\/v2\/posts\/56325","targetHints":{"allow":["GET"]}}],"collection":[{"href":"https:\/\/www.radiopresidenteibanez.cl\/web\/wp-json\/wp\/v2\/posts"}],"about":[{"href":"https:\/\/www.radiopresidenteibanez.cl\/web\/wp-json\/wp\/v2\/types\/post"}],"author":[{"embeddable":true,"href":"https:\/\/www.radiopresidenteibanez.cl\/web\/wp-json\/wp\/v2\/users\/2"}],"replies":[{"embeddable":true,"href":"https:\/\/www.radiopresidenteibanez.cl\/web\/wp-json\/wp\/v2\/comments?post=56325"}],"version-history":[{"count":0,"href":"https:\/\/www.radiopresidenteibanez.cl\/web\/wp-json\/wp\/v2\/posts\/56325\/revisions"}],"wp:featuredmedia":[{"embeddable":true,"href":"https:\/\/www.radiopresidenteibanez.cl\/web\/wp-json\/wp\/v2\/media\/56326"}],"wp:attachment":[{"href":"https:\/\/www.radiopresidenteibanez.cl\/web\/wp-json\/wp\/v2\/media?parent=56325"}],"wp:term":[{"taxonomy":"category","embeddable":true,"href":"https:\/\/www.radiopresidenteibanez.cl\/web\/wp-json\/wp\/v2\/categories?post=56325"},{"taxonomy":"post_tag","embeddable":true,"href":"https:\/\/www.radiopresidenteibanez.cl\/web\/wp-json\/wp\/v2\/tags?post=56325"}],"curies":[{"name":"wp","href":"https:\/\/api.w.org\/{rel}","templated":true}]}}