{"id":5632,"date":"2019-07-09T15:36:48","date_gmt":"2019-07-09T15:36:48","guid":{"rendered":"http:\/\/www.radiopresidenteibanez.cl\/web\/?p=5632"},"modified":"2019-07-09T15:37:18","modified_gmt":"2019-07-09T15:37:18","slug":"katia-vergara-ojeda-no-solo-hemos-entregado-capacitaciones-tecnicas-sino-tambien-hemos-ayudado-a-levantar-su-espiritu-y-hacerles-ver-que-tienen-las-capacidades-y-potencialidades","status":"publish","type":"post","link":"https:\/\/www.radiopresidenteibanez.cl\/web\/katia-vergara-ojeda-no-solo-hemos-entregado-capacitaciones-tecnicas-sino-tambien-hemos-ayudado-a-levantar-su-espiritu-y-hacerles-ver-que-tienen-las-capacidades-y-potencialidades\/","title":{"rendered":"KATIA VERGARA OJEDA: \u201cNO S\u00d3LO HEMOS ENTREGADO CAPACITACIONES T\u00c9CNICAS, SINO TAMBI\u00c9N, HEMOS AYUDADO A LEVANTAR SU ESP\u00cdRITU Y HACERLES VER QUE TIENEN LAS CAPACIDADES Y POTENCIALIDADES\u201d"},"content":{"rendered":"\n<p>Katia es una emprendedora y artesana dedicada al oficio de la lana desde el a\u00f1o 2013. Fundadora y l\u00edder de la agrupaci\u00f3n Artesanal Patagonia Hecha A Mano y de la Cooperativa del mismo nombre y actualmente estudiante de Ingenier\u00eda en Administraci\u00f3n de empresas de la UMAG.<\/p>\n\n\n\n<p>Su aspecto menudo, de voz suave y de car\u00e1cter reservado, se disipan r\u00e1pidamente al conocer su fuerza y convicci\u00f3n por su trabajo en el actual proyecto de innovaci\u00f3n social de Corfo. Se trata de \u201cCapacitaci\u00f3n y formaci\u00f3n para generaci\u00f3n de autoempleo en la poblaci\u00f3n penal masculina\u201d , cuyo objetivo es ense\u00f1ar el oficio de hilandero a hombres que est\u00e1n privados de libertad, con la finalidad de propiciar la reinserci\u00f3n y brindar la oportunidad de trabajo remunerado al interior de la c\u00e1rcel, a trav\u00e9s, de capacitaciones no solo en el oficio como tal, sino tambi\u00e9n, a trav\u00e9s de charlas y talleres; de desarrollo personal, emocional y de emprendimiento; a cargo de profesionales que adem\u00e1s de motivar generan contenci\u00f3n al grupo objetivo.<\/p>\n\n\n\n<p>\u201cDe todos los grupos sociales de mayores carencias, nos dimos cuenta que son los recluidos en las c\u00e1rceles. Son los menos apoyados. En una sociedad donde la inseguridad y la delincuencia crece con alta reincidencia, era preciso intentar una idea revolucionaria\u201d, se\u00f1ala una emocionada Katia. <\/p>\n\n\n\n<p>Rompiendo paradigmas<\/p>\n\n\n\n<p>\u201cEste proyecto ha sido de una satisfacci\u00f3n enorme para nosotras. Si bien, empezamos con pocos interesados, se fueron sumando r\u00e1pidamente y hoy nuestros talleres est\u00e1n con la m\u00e1xima capacidad de 17 internos. Estamos muy orgullosas, porque no solo hemos entregado capacitaciones t\u00e9cnicas, si no tambi\u00e9n, hemos ayudado a levantar su esp\u00edritu y hacerles ver que tienen las capacidades y potencialidades. Nos importa much\u00edsimo de que ellos, a trav\u00e9s de los talleres ontol\u00f3gicos se reencanten primero consigo mismo, con su n\u00facleo familiar, como un ente de aporte y posteriormente como un ente social. Es muy importante generar referentes positivos dentro de las c\u00e1rceles\u201d. <\/p>\n\n\n\n<p>La pr\u00e1ctica del oficio de hilado hist\u00f3ricamente ha sido asociada a la mujer, sin embargo, los internos que participan del programa han demostrado grandes logros y avances. Han desarrollado productos como ovillos de lana regular, gruesa, hilo, flama y bellota, siendo la Cooperativa Patagonia Hecha a Mano quienes comercializan los productos en Punta Arenas, Puerto Natales y recientemente en Santiago.     <\/p>\n\n\n\n<p>Actualmente el proyecto se encuentra en una fase de consolidaci\u00f3n del modelo, incorporando nuevos internos que est\u00e1n siendo instruidos en el oficio por sus propios compa\u00f1eros que llevan m\u00e1s tiempo en el taller. \u201cEstamos mejorando la calidad de nuestros productos, buscando nuevos mercados para nuestra lana, dise\u00f1ando el packaging e ideando la forma de incorporar m\u00e1s internos a los diferentes procesos, incluso estamos trabajando para incorporar internas e internos en un segundo proceso de la lana que tiene como fin tejer los hilados de \u201cHilando Libertad\u201d.<\/p>\n","protected":false},"excerpt":{"rendered":"<p>Katia es una emprendedora y artesana dedicada al oficio de la lana desde el a\u00f1o 2013. Fundadora y l\u00edder de la agrupaci\u00f3n Artesanal Patagonia Hecha A Mano y de la&#8230; <a class=\"read-more\" href=\"https:\/\/www.radiopresidenteibanez.cl\/web\/katia-vergara-ojeda-no-solo-hemos-entregado-capacitaciones-tecnicas-sino-tambien-hemos-ayudado-a-levantar-su-espiritu-y-hacerles-ver-que-tienen-las-capacidades-y-potencialidades\/\">Leer m\u00e1s<\/a><\/p>\n","protected":false},"author":2,"featured_media":740,"comment_status":"closed","ping_status":"closed","sticky":false,"template":"","format":"standard","meta":{"footnotes":""},"categories":[1],"tags":[],"class_list":["post-5632","post","type-post","status-publish","format-standard","has-post-thumbnail","hentry","category-cronica"],"_links":{"self":[{"href":"https:\/\/www.radiopresidenteibanez.cl\/web\/wp-json\/wp\/v2\/posts\/5632","targetHints":{"allow":["GET"]}}],"collection":[{"href":"https:\/\/www.radiopresidenteibanez.cl\/web\/wp-json\/wp\/v2\/posts"}],"about":[{"href":"https:\/\/www.radiopresidenteibanez.cl\/web\/wp-json\/wp\/v2\/types\/post"}],"author":[{"embeddable":true,"href":"https:\/\/www.radiopresidenteibanez.cl\/web\/wp-json\/wp\/v2\/users\/2"}],"replies":[{"embeddable":true,"href":"https:\/\/www.radiopresidenteibanez.cl\/web\/wp-json\/wp\/v2\/comments?post=5632"}],"version-history":[{"count":0,"href":"https:\/\/www.radiopresidenteibanez.cl\/web\/wp-json\/wp\/v2\/posts\/5632\/revisions"}],"wp:featuredmedia":[{"embeddable":true,"href":"https:\/\/www.radiopresidenteibanez.cl\/web\/wp-json\/wp\/v2\/media\/740"}],"wp:attachment":[{"href":"https:\/\/www.radiopresidenteibanez.cl\/web\/wp-json\/wp\/v2\/media?parent=5632"}],"wp:term":[{"taxonomy":"category","embeddable":true,"href":"https:\/\/www.radiopresidenteibanez.cl\/web\/wp-json\/wp\/v2\/categories?post=5632"},{"taxonomy":"post_tag","embeddable":true,"href":"https:\/\/www.radiopresidenteibanez.cl\/web\/wp-json\/wp\/v2\/tags?post=5632"}],"curies":[{"name":"wp","href":"https:\/\/api.w.org\/{rel}","templated":true}]}}